{"id":65,"date":"2012-11-10T15:00:46","date_gmt":"2012-11-10T14:00:46","guid":{"rendered":"http:\/\/www.myparisagency.com\/blog\/?p=65"},"modified":"2013-01-31T16:33:04","modified_gmt":"2013-01-31T15:33:04","slug":"margueritte","status":"publish","type":"post","link":"https:\/\/www.myparisagency.com\/blog\/fr\/2012\/11\/10\/margueritte","title":{"rendered":"Margueritte"},"content":{"rendered":"<p>Superbe bien de 2 pi\u00e8ces au doux nom de fleur, l\u2019appartement Margueritte vous offre un s\u00e9jour au c\u0153ur de l\u2019animation parisienne, \u00e0 deux pas de la place de l\u2019Etoile. Dans le quartier du 17<sup>\u00e8me<\/sup> arrondissement, grimpez 3 \u00e9tages sans ascenseur pour acc\u00e9der \u00e0 ce petit cocon tout blanc et r\u00e9cemment refait \u00e0 neuf, nich\u00e9 dans un bel immeuble de la rue Poncelet, adjacente de l\u2019avenue des Ternes.<\/p>\n<div id=\"attachment_68\" style=\"width: 306px\" class=\"wp-caption aligncenter\"><a href=\"http:\/\/www.myparisagency.com\/blog\/wp-content\/uploads\/2013\/01\/Margueritte12.jpg\"><img aria-describedby=\"caption-attachment-68\" loading=\"lazy\" class=\"size-medium wp-image-68\" src=\"http:\/\/www.myparisagency.com\/blog\/wp-content\/uploads\/2013\/01\/Margueritte12-300x107.jpg\" alt=\"\" width=\"300\" height=\"107\" srcset=\"https:\/\/www.myparisagency.com\/blog\/wp-content\/uploads\/2013\/01\/Margueritte12-300x107.jpg 300w, https:\/\/www.myparisagency.com\/blog\/wp-content\/uploads\/2013\/01\/Margueritte12.jpg 403w\" sizes=\"(max-width: 300px) 100vw, 300px\" \/><\/a><p id=\"caption-attachment-68\" class=\"wp-caption-text\">Le salon, clair et lumineux<\/p><\/div>\n<div id=\"attachment_69\" style=\"width: 306px\" class=\"wp-caption aligncenter\"><a href=\"http:\/\/www.myparisagency.com\/blog\/wp-content\/uploads\/2013\/01\/Mar.png\"><img aria-describedby=\"caption-attachment-69\" loading=\"lazy\" class=\"size-medium wp-image-69\" src=\"http:\/\/www.myparisagency.com\/blog\/wp-content\/uploads\/2013\/01\/Mar-300x134.png\" alt=\"\" width=\"300\" height=\"134\" srcset=\"https:\/\/www.myparisagency.com\/blog\/wp-content\/uploads\/2013\/01\/Mar-300x134.png 300w, https:\/\/www.myparisagency.com\/blog\/wp-content\/uploads\/2013\/01\/Mar-500x223.png 500w, https:\/\/www.myparisagency.com\/blog\/wp-content\/uploads\/2013\/01\/Mar.png 902w\" sizes=\"(max-width: 300px) 100vw, 300px\" \/><\/a><p id=\"caption-attachment-69\" class=\"wp-caption-text\">La chambre double avec salle de douche s\u00e9par\u00e9e<\/p><\/div>\n<p><span style=\"color: #000000\"><a href=\"http:\/\/www.myparisagency.com\/blog\/wp-content\/uploads\/2013\/01\/Mar.png\"><span style=\"color: #000000\">D\u2019une surface de 27m2, Margueritte d\u00e9voile un int\u00e9rieur douillet avec un salon convivial dot\u00e9 d\u2019une t\u00e9l\u00e9vision \u00e0 \u00e9cran plat et d\u2019un acc\u00e8s Internet illimit\u00e9 pour un instant de d\u00e9tente apr\u00e8s une journ\u00e9e de travail. Id\u00e9al pour le s\u00e9jour de 3 personnes gr\u00e2ce au canap\u00e9 convertible du s\u00e9jour, une grande chambre double, avec de nombreux espaces de rangements et une salle de douche ind\u00e9pendante, compl\u00e8te ce bien.<\/span><\/a><\/span><\/p>\n<p>D\u00e9couvrez le Paris chic et glamour avec l\u2019avenue Montaigne, l\u2019avenue des Champs Elys\u00e9es et l\u2019Arc de Triomphe \u00e0 quelques minutes de marche seulement. De d\u00e9licieux restaurants gastronomiques vous ouvriront leurs portes, tels que Le Laurent \u00e0 Franklin Roosevelt. Pour vos autres d\u00e9placements, n\u2019h\u00e9sitez pas \u00e0 emprunter l\u2019une des nombreuses lignes de transports en commun accessibles au pied de l\u2019appartement (m\u00e9tro Ternes, ligne 2).<\/p>\n<p style=\"text-align: center\"><strong>Rendez-vous vite pour r\u00e9server :\u00a0http:\/\/www.myparisagency.com\/fr\/appartements\/177\/margueritte<\/strong><\/p>\n","protected":false},"excerpt":{"rendered":"<p>Superbe bien de 2 pi\u00e8ces au doux nom de fleur, l\u2019appartement Margueritte vous offre un s\u00e9jour au c\u0153ur de l\u2019animation parisienne, \u00e0 deux pas de la place de l\u2019Etoile. Dans le quartier du 17\u00e8me arrondissement, grimpez 3 \u00e9tages sans ascenseur pour acc\u00e9der \u00e0 ce petit cocon tout blanc et r\u00e9cemment refait \u00e0 neuf, nich\u00e9 dans&hellip;<\/p>\n","protected":false},"author":2,"featured_media":0,"comment_status":"open","ping_status":"open","sticky":false,"template":"","format":"standard","meta":[],"categories":[5],"tags":[],"_links":{"self":[{"href":"https:\/\/www.myparisagency.com\/blog\/wp-json\/wp\/v2\/posts\/65"}],"collection":[{"href":"https:\/\/www.myparisagency.com\/blog\/wp-json\/wp\/v2\/posts"}],"about":[{"href":"https:\/\/www.myparisagency.com\/blog\/wp-json\/wp\/v2\/types\/post"}],"author":[{"embeddable":true,"href":"https:\/\/www.myparisagency.com\/blog\/wp-json\/wp\/v2\/users\/2"}],"replies":[{"embeddable":true,"href":"https:\/\/www.myparisagency.com\/blog\/wp-json\/wp\/v2\/comments?post=65"}],"version-history":[{"count":4,"href":"https:\/\/www.myparisagency.com\/blog\/wp-json\/wp\/v2\/posts\/65\/revisions"}],"predecessor-version":[{"id":1299,"href":"https:\/\/www.myparisagency.com\/blog\/wp-json\/wp\/v2\/posts\/65\/revisions\/1299"}],"wp:attachment":[{"href":"https:\/\/www.myparisagency.com\/blog\/wp-json\/wp\/v2\/media?parent=65"}],"wp:term":[{"taxonomy":"category","embeddable":true,"href":"https:\/\/www.myparisagency.com\/blog\/wp-json\/wp\/v2\/categories?post=65"},{"taxonomy":"post_tag","embeddable":true,"href":"https:\/\/www.myparisagency.com\/blog\/wp-json\/wp\/v2\/tags?post=65"}],"curies":[{"name":"wp","href":"https:\/\/api.w.org\/{rel}","templated":true}]}}