{"id":52,"date":"2012-10-17T15:07:54","date_gmt":"2012-10-17T14:07:54","guid":{"rendered":"http:\/\/www.myparisagency.com\/blog\/?p=52"},"modified":"2012-10-17T15:45:40","modified_gmt":"2012-10-17T14:45:40","slug":"la-villette","status":"publish","type":"post","link":"https:\/\/www.myparisagency.com\/blog\/fr\/2012\/10\/17\/la-villette","title":{"rendered":"La Villette"},"content":{"rendered":"<p>V\u00e9ritable havre de paix au c\u0153ur de l\u2019effervescence parisienne, ce splendide appartement de 2 pi\u00e8ces vous ouvre ses portes au 1<sup>er<\/sup> \u00e9tage sans ascenseur d\u2019une petite copropri\u00e9t\u00e9 fleurie et arbor\u00e9e. Situ\u00e9 rue de la Villette, profitez d\u2019une position appr\u00e9ci\u00e9e gr\u00e2ce \u00e0 sa proximit\u00e9 avec le parc des Buttes Chaumont, au c\u0153ur du 19<sup>\u00e8me<\/sup> arrondissement.<\/p>\n<div id=\"attachment_61\" style=\"width: 209px\" class=\"wp-caption aligncenter\"><a href=\"http:\/\/www.myparisagency.com\/blog\/wp-content\/uploads\/2012\/10\/220px-Paris_Parc_Butte_Chaumont_01.jpeg\"><img aria-describedby=\"caption-attachment-61\" loading=\"lazy\" class=\"size-medium wp-image-61\" src=\"http:\/\/www.myparisagency.com\/blog\/wp-content\/uploads\/2012\/10\/220px-Paris_Parc_Butte_Chaumont_01-203x300.jpeg\" alt=\"\" width=\"203\" height=\"300\" srcset=\"https:\/\/www.myparisagency.com\/blog\/wp-content\/uploads\/2012\/10\/220px-Paris_Parc_Butte_Chaumont_01-203x300.jpeg 203w, https:\/\/www.myparisagency.com\/blog\/wp-content\/uploads\/2012\/10\/220px-Paris_Parc_Butte_Chaumont_01.jpeg 220w\" sizes=\"(max-width: 203px) 100vw, 203px\" \/><\/a><p id=\"caption-attachment-61\" class=\"wp-caption-text\">Le Parc des Buttes Chaumont (http:\/\/www.flickr.com\/photos\/jimmybobo\/5227137147\/)<\/p><\/div>\n<p>D\u2019une surface de 30 m2, la Villette d\u00e9voile un int\u00e9rieur cosy et confortable pour le s\u00e9jour de deux personnes gr\u00e2ce \u00e0 une chambre double s\u00e9par\u00e9e. L\u2019espace salon vous offre un lieu id\u00e9al pour vous d\u00e9tendre apr\u00e8s une journ\u00e9e de visite avec t\u00e9l\u00e9vision \u00e0 \u00e9cran plat et acc\u00e8s Internet en illimit\u00e9. Les amateurs de belles cuisines seront charm\u00e9s par la cuisine moderne et enti\u00e8rement \u00e9quip\u00e9e pour vous restaurer sur place. Une superbe salle de douche avec lave linge et WC s\u00e9par\u00e9s compl\u00e8te ce bien r\u00e9cemment refait \u00e0 neuf.<\/p>\n<div id=\"attachment_55\" style=\"width: 306px\" class=\"wp-caption aligncenter\"><a href=\"http:\/\/www.myparisagency.com\/blog\/wp-content\/uploads\/2012\/10\/1.jpeg\"><img aria-describedby=\"caption-attachment-55\" loading=\"lazy\" class=\"size-medium wp-image-55\" src=\"http:\/\/www.myparisagency.com\/blog\/wp-content\/uploads\/2012\/10\/1-300x199.jpeg\" alt=\"\" width=\"300\" height=\"199\" srcset=\"https:\/\/www.myparisagency.com\/blog\/wp-content\/uploads\/2012\/10\/1-300x199.jpeg 300w, https:\/\/www.myparisagency.com\/blog\/wp-content\/uploads\/2012\/10\/1-450x300.jpeg 450w, https:\/\/www.myparisagency.com\/blog\/wp-content\/uploads\/2012\/10\/1.jpeg 720w\" sizes=\"(max-width: 300px) 100vw, 300px\" \/><\/a><p id=\"caption-attachment-55\" class=\"wp-caption-text\">Le s\u00e9jour<\/p><\/div>\n<div id=\"attachment_56\" style=\"width: 205px\" class=\"wp-caption aligncenter\"><a href=\"http:\/\/www.myparisagency.com\/blog\/wp-content\/uploads\/2012\/10\/7.jpeg\"><img aria-describedby=\"caption-attachment-56\" loading=\"lazy\" class=\"size-medium wp-image-56\" src=\"http:\/\/www.myparisagency.com\/blog\/wp-content\/uploads\/2012\/10\/7-199x300.jpeg\" alt=\"\" width=\"199\" height=\"300\" srcset=\"https:\/\/www.myparisagency.com\/blog\/wp-content\/uploads\/2012\/10\/7-199x300.jpeg 199w, https:\/\/www.myparisagency.com\/blog\/wp-content\/uploads\/2012\/10\/7.jpeg 340w\" sizes=\"(max-width: 199px) 100vw, 199px\" \/><\/a><p id=\"caption-attachment-56\" class=\"wp-caption-text\">La cuisine toute \u00e9quip\u00e9e<\/p><\/div>\n<div id=\"attachment_57\" style=\"width: 306px\" class=\"wp-caption aligncenter\"><a href=\"http:\/\/www.myparisagency.com\/blog\/wp-content\/uploads\/2012\/10\/11.jpeg\"><img aria-describedby=\"caption-attachment-57\" loading=\"lazy\" class=\"size-medium wp-image-57\" src=\"http:\/\/www.myparisagency.com\/blog\/wp-content\/uploads\/2012\/10\/11-300x199.jpeg\" alt=\"\" width=\"300\" height=\"199\" srcset=\"https:\/\/www.myparisagency.com\/blog\/wp-content\/uploads\/2012\/10\/11-300x199.jpeg 300w, https:\/\/www.myparisagency.com\/blog\/wp-content\/uploads\/2012\/10\/11-450x300.jpeg 450w, https:\/\/www.myparisagency.com\/blog\/wp-content\/uploads\/2012\/10\/11.jpeg 720w\" sizes=\"(max-width: 300px) 100vw, 300px\" \/><\/a><p id=\"caption-attachment-57\" class=\"wp-caption-text\">La chambre<\/p><\/div>\n<p>Cosmopolite et branch\u00e9, le quartier des Buttes Chaumont est devenu un lieu recherch\u00e9 de la capitale avec son grand parc arbor\u00e9 o\u00f9 vous pourrez pique-niquer un jour de grand soleil, en famille ou entre amis. Egalement connu pour son bassin de l\u2019Ourq, ses nombreuses galeries d\u2019art et ses sp\u00e9cificit\u00e9s architecturales, rendez-vous selon vos envies vers les bars branch\u00e9s et les terrasses populaires pour vos sorties nocturnes. Id\u00e9alement desservi par une multitude de transports en commun (m\u00e9tro Jourdain \u2013 ligne 11), rejoignez les autres monuments parisiens en toute facilit\u00e9.<\/p>\n<p style=\"text-align: center\"><strong>Rendez-vous vite pour r\u00e9server:\u00a0http:\/\/www.myparisagency.com\/fr\/appartements\/149\/la-villette<\/strong><\/p>\n","protected":false},"excerpt":{"rendered":"<p>V\u00e9ritable havre de paix au c\u0153ur de l\u2019effervescence parisienne, ce splendide appartement de 2 pi\u00e8ces vous ouvre ses portes au 1er \u00e9tage sans ascenseur d\u2019une petite copropri\u00e9t\u00e9 fleurie et arbor\u00e9e. Situ\u00e9 rue de la Villette, profitez d\u2019une position appr\u00e9ci\u00e9e gr\u00e2ce \u00e0 sa proximit\u00e9 avec le parc des Buttes Chaumont, au c\u0153ur du 19\u00e8me arrondissement. D\u2019une&hellip;<\/p>\n","protected":false},"author":2,"featured_media":0,"comment_status":"open","ping_status":"open","sticky":false,"template":"","format":"standard","meta":[],"categories":[5],"tags":[],"_links":{"self":[{"href":"https:\/\/www.myparisagency.com\/blog\/wp-json\/wp\/v2\/posts\/52"}],"collection":[{"href":"https:\/\/www.myparisagency.com\/blog\/wp-json\/wp\/v2\/posts"}],"about":[{"href":"https:\/\/www.myparisagency.com\/blog\/wp-json\/wp\/v2\/types\/post"}],"author":[{"embeddable":true,"href":"https:\/\/www.myparisagency.com\/blog\/wp-json\/wp\/v2\/users\/2"}],"replies":[{"embeddable":true,"href":"https:\/\/www.myparisagency.com\/blog\/wp-json\/wp\/v2\/comments?post=52"}],"version-history":[{"count":5,"href":"https:\/\/www.myparisagency.com\/blog\/wp-json\/wp\/v2\/posts\/52\/revisions"}],"predecessor-version":[{"id":1300,"href":"https:\/\/www.myparisagency.com\/blog\/wp-json\/wp\/v2\/posts\/52\/revisions\/1300"}],"wp:attachment":[{"href":"https:\/\/www.myparisagency.com\/blog\/wp-json\/wp\/v2\/media?parent=52"}],"wp:term":[{"taxonomy":"category","embeddable":true,"href":"https:\/\/www.myparisagency.com\/blog\/wp-json\/wp\/v2\/categories?post=52"},{"taxonomy":"post_tag","embeddable":true,"href":"https:\/\/www.myparisagency.com\/blog\/wp-json\/wp\/v2\/tags?post=52"}],"curies":[{"name":"wp","href":"https:\/\/api.w.org\/{rel}","templated":true}]}}