{"id":429,"date":"2013-07-13T12:06:27","date_gmt":"2013-07-13T11:06:27","guid":{"rendered":"http:\/\/www.myparisagency.com\/blog\/?p=429"},"modified":"2019-07-23T11:51:01","modified_gmt":"2019-07-23T10:51:01","slug":"notre-vitrine-2","status":"publish","type":"post","link":"https:\/\/www.myparisagency.com\/blog\/fr\/2013\/07\/13\/notre-vitrine-2","title":{"rendered":"Notre agence !"},"content":{"rendered":"<p>Nos nouveaux locaux rue Falgui\u00e8re commencent \u00e0 prendre forme, d\u00e9couvrez notre nouvelle vitrine et la d\u00e9coration de notre agence.<\/p>\n<p><a href=\"http:\/\/www.myparisagency.com\/blog\/wp-content\/uploads\/2013\/07\/6298_471918676225988_1578970410_n.jpg\"><img loading=\"lazy\" class=\"aligncenter size-medium wp-image-430\" alt=\"\" src=\"http:\/\/www.myparisagency.com\/blog\/wp-content\/uploads\/2013\/07\/6298_471918676225988_1578970410_n-300x225.jpg\" width=\"300\" height=\"225\" srcset=\"https:\/\/www.myparisagency.com\/blog\/wp-content\/uploads\/2013\/07\/6298_471918676225988_1578970410_n-300x225.jpg 300w, https:\/\/www.myparisagency.com\/blog\/wp-content\/uploads\/2013\/07\/6298_471918676225988_1578970410_n-400x300.jpg 400w, https:\/\/www.myparisagency.com\/blog\/wp-content\/uploads\/2013\/07\/6298_471918676225988_1578970410_n.jpg 960w\" sizes=\"(max-width: 300px) 100vw, 300px\" \/><\/a><\/p>\n<p><a href=\"http:\/\/www.myparisagency.com\/blog\/wp-content\/uploads\/2013\/07\/photo.jpg\"><img loading=\"lazy\" class=\"aligncenter size-medium wp-image-432\" alt=\"\" src=\"http:\/\/www.myparisagency.com\/blog\/wp-content\/uploads\/2013\/07\/photo-300x225.jpg\" width=\"300\" height=\"225\" srcset=\"https:\/\/www.myparisagency.com\/blog\/wp-content\/uploads\/2013\/07\/photo-300x225.jpg 300w, https:\/\/www.myparisagency.com\/blog\/wp-content\/uploads\/2013\/07\/photo-1024x768.jpg 1024w, https:\/\/www.myparisagency.com\/blog\/wp-content\/uploads\/2013\/07\/photo-400x300.jpg 400w\" sizes=\"(max-width: 300px) 100vw, 300px\" \/><\/a><\/p>\n<p>Nous avons m\u00eame am\u00e9nag\u00e9 la buanderie en un petit coin cosy pour accueillir nos petits \u00e9v\u00e8nements.<\/p>\n<p><a href=\"http:\/\/www.myparisagency.com\/blog\/wp-content\/uploads\/2013\/07\/12.jpg\"><img loading=\"lazy\" class=\"aligncenter size-medium wp-image-431\" alt=\"\" src=\"http:\/\/www.myparisagency.com\/blog\/wp-content\/uploads\/2013\/07\/12-300x224.jpg\" width=\"300\" height=\"224\" srcset=\"https:\/\/www.myparisagency.com\/blog\/wp-content\/uploads\/2013\/07\/12-300x224.jpg 300w, https:\/\/www.myparisagency.com\/blog\/wp-content\/uploads\/2013\/07\/12-400x300.jpg 400w, https:\/\/www.myparisagency.com\/blog\/wp-content\/uploads\/2013\/07\/12.jpg 419w\" sizes=\"(max-width: 300px) 100vw, 300px\" \/><\/a><\/p>\n<p style=\"text-align: center\"><strong><em>N&#8217;h\u00e9sitez pas \u00e0 venir nous rendre visite &#8211; L&#8217;Agence de Paris \/ My Paris Agency &#8211; 14 rue Falgui\u00e8re &#8211; 75015 Paris <\/em><\/strong><\/p>\n<p style=\"text-align: center\"><strong><em>(m\u00e9tro Falgui\u00e8re ligne 12 ou Montparnasse, ligne 4, 6, 12 et 13)***\u00a0<\/em><\/strong><\/p>\n","protected":false},"excerpt":{"rendered":"<p>Nos nouveaux locaux rue Falgui\u00e8re commencent \u00e0 prendre forme, d\u00e9couvrez notre nouvelle vitrine et la d\u00e9coration de notre agence. Nous avons m\u00eame am\u00e9nag\u00e9 la buanderie en un petit coin cosy pour accueillir nos petits \u00e9v\u00e8nements. N&#8217;h\u00e9sitez pas \u00e0 venir nous rendre visite &#8211; L&#8217;Agence de Paris \/ My Paris Agency &#8211; 14 rue Falgui\u00e8re &#8211;&hellip;<\/p>\n","protected":false},"author":2,"featured_media":0,"comment_status":"open","ping_status":"open","sticky":false,"template":"","format":"standard","meta":[],"categories":[7],"tags":[],"_links":{"self":[{"href":"https:\/\/www.myparisagency.com\/blog\/wp-json\/wp\/v2\/posts\/429"}],"collection":[{"href":"https:\/\/www.myparisagency.com\/blog\/wp-json\/wp\/v2\/posts"}],"about":[{"href":"https:\/\/www.myparisagency.com\/blog\/wp-json\/wp\/v2\/types\/post"}],"author":[{"embeddable":true,"href":"https:\/\/www.myparisagency.com\/blog\/wp-json\/wp\/v2\/users\/2"}],"replies":[{"embeddable":true,"href":"https:\/\/www.myparisagency.com\/blog\/wp-json\/wp\/v2\/comments?post=429"}],"version-history":[{"count":5,"href":"https:\/\/www.myparisagency.com\/blog\/wp-json\/wp\/v2\/posts\/429\/revisions"}],"predecessor-version":[{"id":3092,"href":"https:\/\/www.myparisagency.com\/blog\/wp-json\/wp\/v2\/posts\/429\/revisions\/3092"}],"wp:attachment":[{"href":"https:\/\/www.myparisagency.com\/blog\/wp-json\/wp\/v2\/media?parent=429"}],"wp:term":[{"taxonomy":"category","embeddable":true,"href":"https:\/\/www.myparisagency.com\/blog\/wp-json\/wp\/v2\/categories?post=429"},{"taxonomy":"post_tag","embeddable":true,"href":"https:\/\/www.myparisagency.com\/blog\/wp-json\/wp\/v2\/tags?post=429"}],"curies":[{"name":"wp","href":"https:\/\/api.w.org\/{rel}","templated":true}]}}