{"id":2879,"date":"2018-12-05T11:16:07","date_gmt":"2018-12-05T10:16:07","guid":{"rendered":"http:\/\/www.myparisagency.com\/blog\/?p=2879"},"modified":"2018-12-05T11:16:07","modified_gmt":"2018-12-05T10:16:07","slug":"daval-cosy-2-pieces-a-la-deco-chinee","status":"publish","type":"post","link":"https:\/\/www.myparisagency.com\/blog\/fr\/2018\/12\/05\/daval-cosy-2-pieces-a-la-deco-chinee","title":{"rendered":"Daval, cosy 2 pi\u00e8ces \u00e0 la d\u00e9co chin\u00e9e"},"content":{"rendered":"<p>Situ\u00e9 au 3\u00e8me \u00e9tage d&#8217;un immeuble proche de Bastille, le Daval s&#8217;ouvre sur une pi\u00e8ce \u00e0 vivre baign\u00e9e de lumi\u00e8re.<\/p>\n<p><a href=\"http:\/\/www.myparisagency.com\/blog\/wp-content\/uploads\/2018\/12\/16517-ideal-pour-2-personnes-appartement-avec-chambre-separee-situe-dans-le-11eme-arrondissement-de-paris.jpg\"><img loading=\"lazy\" class=\"alignleft size-medium wp-image-2884\" alt=\"Pi\u00e8ce \u00e0 vivre baign\u00e9e de lumi\u00e8re\" src=\"http:\/\/www.myparisagency.com\/blog\/wp-content\/uploads\/2018\/12\/16517-ideal-pour-2-personnes-appartement-avec-chambre-separee-situe-dans-le-11eme-arrondissement-de-paris-300x200.jpg\" width=\"300\" height=\"200\" srcset=\"https:\/\/www.myparisagency.com\/blog\/wp-content\/uploads\/2018\/12\/16517-ideal-pour-2-personnes-appartement-avec-chambre-separee-situe-dans-le-11eme-arrondissement-de-paris-300x200.jpg 300w, https:\/\/www.myparisagency.com\/blog\/wp-content\/uploads\/2018\/12\/16517-ideal-pour-2-personnes-appartement-avec-chambre-separee-situe-dans-le-11eme-arrondissement-de-paris.jpg 600w\" sizes=\"(max-width: 300px) 100vw, 300px\" \/><\/a>\u00a0\u00a0 \u00a0 \u00a0\u00a0<a href=\"http:\/\/www.myparisagency.com\/blog\/wp-content\/uploads\/2018\/12\/16509-a-louer-appartement-ideal-pour-2-personnes-dans-le-11eme-arrondissement-de-paris.jpg\"><img loading=\"lazy\" class=\"alignright size-medium wp-image-2881\" alt=\"Pi\u00e8ce \u00e0 vivre avec cuisine ouverte\" src=\"http:\/\/www.myparisagency.com\/blog\/wp-content\/uploads\/2018\/12\/16509-a-louer-appartement-ideal-pour-2-personnes-dans-le-11eme-arrondissement-de-paris-300x200.jpg\" width=\"300\" height=\"200\" srcset=\"https:\/\/www.myparisagency.com\/blog\/wp-content\/uploads\/2018\/12\/16509-a-louer-appartement-ideal-pour-2-personnes-dans-le-11eme-arrondissement-de-paris-300x200.jpg 300w, https:\/\/www.myparisagency.com\/blog\/wp-content\/uploads\/2018\/12\/16509-a-louer-appartement-ideal-pour-2-personnes-dans-le-11eme-arrondissement-de-paris.jpg 600w\" sizes=\"(max-width: 300px) 100vw, 300px\" \/><\/a><\/p>\n<p>&nbsp;<\/p>\n<p>&nbsp;<\/p>\n<p>&nbsp;<\/p>\n<p>&nbsp;<\/p>\n<p>&nbsp;<\/p>\n<p>&nbsp;<\/p>\n<p>Installez-vous dans le confortable canap\u00e9 et comme \u00e0 l&#8217;avant d&#8217;un bateau, profitez d&#8217;une vue d\u00e9gag\u00e9e, sans vis-\u00e0-vis. La d\u00e9coration d\u00e9licatement chin\u00e9e procure \u00e0 cet appartement une ambiance \u00e0 la fois vintage et cosy. Equip\u00e9 de la WI-FI, le Daval est id\u00e9al aussi bien pour vos s\u00e9jours touristiques que pour vos d\u00e9placements professionnels.<\/p>\n<p><a href=\"http:\/\/www.myparisagency.com\/blog\/wp-content\/uploads\/2018\/12\/16519-a-louer-bel-appartement-pour-2-a-louer-a-bastille-paris-11.jpg\"><img loading=\"lazy\" class=\"aligncenter size-medium wp-image-2885\" alt=\"Canap\u00e9 et d\u00e9coration chin\u00e9e\" src=\"http:\/\/www.myparisagency.com\/blog\/wp-content\/uploads\/2018\/12\/16519-a-louer-bel-appartement-pour-2-a-louer-a-bastille-paris-11-300x200.jpg\" width=\"300\" height=\"200\" srcset=\"https:\/\/www.myparisagency.com\/blog\/wp-content\/uploads\/2018\/12\/16519-a-louer-bel-appartement-pour-2-a-louer-a-bastille-paris-11-300x200.jpg 300w, https:\/\/www.myparisagency.com\/blog\/wp-content\/uploads\/2018\/12\/16519-a-louer-bel-appartement-pour-2-a-louer-a-bastille-paris-11.jpg 600w\" sizes=\"(max-width: 300px) 100vw, 300px\" \/><\/a><\/p>\n<p>La chambre double b\u00e9n\u00e9ficie de nombreux rangements et la salle d&#8217;eau y est attenante.<\/p>\n<p><a href=\"http:\/\/www.myparisagency.com\/blog\/wp-content\/uploads\/2018\/12\/16513-sejournez-en-plein-de-paris-grace-a-cet-appartement-pour-2-personnes-idealement-situe-a-bastille-disponible-en-location-mensuelle.jpg\"><img loading=\"lazy\" class=\"aligncenter size-medium wp-image-2882\" alt=\"Chambre double disposant de nombreux rangements\" src=\"http:\/\/www.myparisagency.com\/blog\/wp-content\/uploads\/2018\/12\/16513-sejournez-en-plein-de-paris-grace-a-cet-appartement-pour-2-personnes-idealement-situe-a-bastille-disponible-en-location-mensuelle-300x200.jpg\" width=\"300\" height=\"200\" srcset=\"https:\/\/www.myparisagency.com\/blog\/wp-content\/uploads\/2018\/12\/16513-sejournez-en-plein-de-paris-grace-a-cet-appartement-pour-2-personnes-idealement-situe-a-bastille-disponible-en-location-mensuelle-300x200.jpg 300w, https:\/\/www.myparisagency.com\/blog\/wp-content\/uploads\/2018\/12\/16513-sejournez-en-plein-de-paris-grace-a-cet-appartement-pour-2-personnes-idealement-situe-a-bastille-disponible-en-location-mensuelle.jpg 600w\" sizes=\"(max-width: 300px) 100vw, 300px\" \/><\/a><\/p>\n<p>Enfin, la cuisine ouverte toute \u00e9quip\u00e9e vous permet de vous restaurer sur place, comme \u00e0 la maison.<\/p>\n<p><a href=\"http:\/\/www.myparisagency.com\/blog\/wp-content\/uploads\/2018\/12\/16515-appartement-de-charme-pour-2-personnes-a-louer-a-bastille-au-coeur-de-paris.jpg\"><img loading=\"lazy\" class=\"aligncenter size-medium wp-image-2883\" alt=\"Cuisine \u00e9quip\u00e9e\" src=\"http:\/\/www.myparisagency.com\/blog\/wp-content\/uploads\/2018\/12\/16515-appartement-de-charme-pour-2-personnes-a-louer-a-bastille-au-coeur-de-paris-300x200.jpg\" width=\"300\" height=\"200\" srcset=\"https:\/\/www.myparisagency.com\/blog\/wp-content\/uploads\/2018\/12\/16515-appartement-de-charme-pour-2-personnes-a-louer-a-bastille-au-coeur-de-paris-300x200.jpg 300w, https:\/\/www.myparisagency.com\/blog\/wp-content\/uploads\/2018\/12\/16515-appartement-de-charme-pour-2-personnes-a-louer-a-bastille-au-coeur-de-paris.jpg 600w\" sizes=\"(max-width: 300px) 100vw, 300px\" \/><\/a><\/p>\n<p>Le Daval vous accueille en location courte dur\u00e9e pour profiter pleinement de votre s\u00e9jour au coeur de la capitale. De nombreuses lignes de m\u00e9tro et de bus sont au pied de l&#8217;appartement, vous permettant ainsi de rejoindre rapidement tous les quartiers de vos envies.<\/p>\n<p style=\"text-align: center\">Pour r\u00e9server ce bien, c&#8217;est ici &gt;&gt;\u00a0<a href=\"http:\/\/www.myparisagency.com\/fr\/appartements\/699\/daval\">http:\/\/www.myparisagency.com\/fr\/appartements\/699\/daval<\/a><\/p>\n<p>&nbsp;<\/p>\n<p>&nbsp;<\/p>\n","protected":false},"excerpt":{"rendered":"<p>Situ\u00e9 au 3\u00e8me \u00e9tage d&#8217;un immeuble proche de Bastille, le Daval s&#8217;ouvre sur une pi\u00e8ce \u00e0 vivre baign\u00e9e de lumi\u00e8re. \u00a0\u00a0 \u00a0 \u00a0\u00a0 &nbsp; &nbsp; &nbsp; &nbsp; &nbsp; &nbsp; Installez-vous dans le confortable canap\u00e9 et comme \u00e0 l&#8217;avant d&#8217;un bateau, profitez d&#8217;une vue d\u00e9gag\u00e9e, sans vis-\u00e0-vis. La d\u00e9coration d\u00e9licatement chin\u00e9e procure \u00e0 cet appartement une&hellip;<\/p>\n","protected":false},"author":3,"featured_media":2885,"comment_status":"open","ping_status":"open","sticky":false,"template":"","format":"standard","meta":[],"categories":[5],"tags":[50,21,26,30,33,13],"_links":{"self":[{"href":"https:\/\/www.myparisagency.com\/blog\/wp-json\/wp\/v2\/posts\/2879"}],"collection":[{"href":"https:\/\/www.myparisagency.com\/blog\/wp-json\/wp\/v2\/posts"}],"about":[{"href":"https:\/\/www.myparisagency.com\/blog\/wp-json\/wp\/v2\/types\/post"}],"author":[{"embeddable":true,"href":"https:\/\/www.myparisagency.com\/blog\/wp-json\/wp\/v2\/users\/3"}],"replies":[{"embeddable":true,"href":"https:\/\/www.myparisagency.com\/blog\/wp-json\/wp\/v2\/comments?post=2879"}],"version-history":[{"count":1,"href":"https:\/\/www.myparisagency.com\/blog\/wp-json\/wp\/v2\/posts\/2879\/revisions"}],"predecessor-version":[{"id":2886,"href":"https:\/\/www.myparisagency.com\/blog\/wp-json\/wp\/v2\/posts\/2879\/revisions\/2886"}],"wp:featuredmedia":[{"embeddable":true,"href":"https:\/\/www.myparisagency.com\/blog\/wp-json\/wp\/v2\/media\/2885"}],"wp:attachment":[{"href":"https:\/\/www.myparisagency.com\/blog\/wp-json\/wp\/v2\/media?parent=2879"}],"wp:term":[{"taxonomy":"category","embeddable":true,"href":"https:\/\/www.myparisagency.com\/blog\/wp-json\/wp\/v2\/categories?post=2879"},{"taxonomy":"post_tag","embeddable":true,"href":"https:\/\/www.myparisagency.com\/blog\/wp-json\/wp\/v2\/tags?post=2879"}],"curies":[{"name":"wp","href":"https:\/\/api.w.org\/{rel}","templated":true}]}}