{"id":2769,"date":"2018-07-23T09:36:36","date_gmt":"2018-07-23T08:36:36","guid":{"rendered":"http:\/\/www.myparisagency.com\/blog\/?p=2769"},"modified":"2018-07-31T11:50:11","modified_gmt":"2018-07-31T10:50:11","slug":"matignon-charmant-2-pieces-a-solferino","status":"publish","type":"post","link":"https:\/\/www.myparisagency.com\/blog\/fr\/2018\/07\/23\/matignon-charmant-2-pieces-a-solferino","title":{"rendered":"Matignon, charmant 2 pi\u00e8ces \u00e0 Solf\u00e9rino"},"content":{"rendered":"<p>Du haut de son 5\u00e8me \u00e9tage, ce charmant appartement de 40m2, r\u00e9nov\u00e9 \u00e0 neuf, d\u00e9voile une agr\u00e9able pi\u00e8ce \u00e0 vivre ouverte sur la cuisine toute \u00e9quip\u00e9e. Avec de grandes portes fen\u00eatres expos\u00e9es plein Ouest, le <em><strong>Matignon<\/strong><\/em> b\u00e9n\u00e9ficie d&#8217;une excellente luminosit\u00e9, sans vis-\u00e0-vis. Sa d\u00e9coration \u00e9pur\u00e9e et moderne vous fait vous sentir chez vous en l&#8217;espace d&#8217;un instant.<\/p>\n<p><a href=\"http:\/\/www.myparisagency.com\/blog\/wp-content\/uploads\/2018\/07\/15959-location-saisonniere-2-pieces-paris-7e-avec-balcon.jpg\"><img loading=\"lazy\" class=\"aligncenter size-medium wp-image-2775\" alt=\"15959-location-saisonniere-2-pieces-paris-7e-avec-balcon\" src=\"http:\/\/www.myparisagency.com\/blog\/wp-content\/uploads\/2018\/07\/15959-location-saisonniere-2-pieces-paris-7e-avec-balcon-300x199.jpg\" width=\"300\" height=\"199\" srcset=\"https:\/\/www.myparisagency.com\/blog\/wp-content\/uploads\/2018\/07\/15959-location-saisonniere-2-pieces-paris-7e-avec-balcon-300x199.jpg 300w, https:\/\/www.myparisagency.com\/blog\/wp-content\/uploads\/2018\/07\/15959-location-saisonniere-2-pieces-paris-7e-avec-balcon.jpg 600w\" sizes=\"(max-width: 300px) 100vw, 300px\" \/><\/a><\/p>\n<p style=\"text-align: center\"><a href=\"http:\/\/www.myparisagency.com\/blog\/wp-content\/uploads\/2018\/07\/15957-location-meublee-rue-vaneau-avec-balcon.jpg\"><img loading=\"lazy\" alt=\"15957-location-meublee-rue-vaneau-avec-balcon\" src=\"http:\/\/www.myparisagency.com\/blog\/wp-content\/uploads\/2018\/07\/15957-location-meublee-rue-vaneau-avec-balcon-300x199.jpg\" width=\"300\" height=\"199\" \/><\/a><\/p>\n<p>La chambre double est meubl\u00e9e d&#8217;un grand dressing ainsi que d&#8217;un espace bureau.<\/p>\n<p><a href=\"http:\/\/www.myparisagency.com\/blog\/wp-content\/uploads\/2018\/07\/15952-location-courte-duree-avec-balcon-paris-7e.jpg\"><img loading=\"lazy\" class=\"aligncenter size-medium wp-image-2771\" alt=\"15952-location-courte-duree-avec-balcon-paris-7e\" src=\"http:\/\/www.myparisagency.com\/blog\/wp-content\/uploads\/2018\/07\/15952-location-courte-duree-avec-balcon-paris-7e-300x199.jpg\" width=\"300\" height=\"199\" srcset=\"https:\/\/www.myparisagency.com\/blog\/wp-content\/uploads\/2018\/07\/15952-location-courte-duree-avec-balcon-paris-7e-300x199.jpg 300w, https:\/\/www.myparisagency.com\/blog\/wp-content\/uploads\/2018\/07\/15952-location-courte-duree-avec-balcon-paris-7e.jpg 600w\" sizes=\"(max-width: 300px) 100vw, 300px\" \/><\/a><\/p>\n<p>Une salle de bain avec baignoire et large lavabo compl\u00e8te ce bain.<\/p>\n<p><a href=\"http:\/\/www.myparisagency.com\/blog\/wp-content\/uploads\/2018\/07\/15953-location-mensuelle-paris-2-pieces-avec-balcon-paris-7e.jpg\"><img loading=\"lazy\" class=\"aligncenter size-medium wp-image-2772\" alt=\"15953-location-mensuelle-paris-2-pieces-avec-balcon-paris-7e\" src=\"http:\/\/www.myparisagency.com\/blog\/wp-content\/uploads\/2018\/07\/15953-location-mensuelle-paris-2-pieces-avec-balcon-paris-7e-300x199.jpg\" width=\"300\" height=\"199\" srcset=\"https:\/\/www.myparisagency.com\/blog\/wp-content\/uploads\/2018\/07\/15953-location-mensuelle-paris-2-pieces-avec-balcon-paris-7e-300x199.jpg 300w, https:\/\/www.myparisagency.com\/blog\/wp-content\/uploads\/2018\/07\/15953-location-mensuelle-paris-2-pieces-avec-balcon-paris-7e.jpg 600w\" sizes=\"(max-width: 300px) 100vw, 300px\" \/><\/a><\/p>\n<p>Enfin, un balcon filant et v\u00e9g\u00e9talis\u00e9 accessible depuis la pi\u00e8ce \u00e0 vivre et la chambre vous permet de profiter agr\u00e9ablement du soleil de l&#8217;apr\u00e8s-midi.<\/p>\n<p><a href=\"http:\/\/www.myparisagency.com\/blog\/wp-content\/uploads\/2018\/07\/15954-location-courte-duree-matignon-5eme-etage.jpg\"><img loading=\"lazy\" class=\"aligncenter size-medium wp-image-2773\" alt=\"15954-location-courte-duree-matignon-5eme-etage\" src=\"http:\/\/www.myparisagency.com\/blog\/wp-content\/uploads\/2018\/07\/15954-location-courte-duree-matignon-5eme-etage-300x199.jpg\" width=\"300\" height=\"199\" srcset=\"https:\/\/www.myparisagency.com\/blog\/wp-content\/uploads\/2018\/07\/15954-location-courte-duree-matignon-5eme-etage-300x199.jpg 300w, https:\/\/www.myparisagency.com\/blog\/wp-content\/uploads\/2018\/07\/15954-location-courte-duree-matignon-5eme-etage.jpg 600w\" sizes=\"(max-width: 300px) 100vw, 300px\" \/><\/a><\/p>\n<p>&nbsp;<\/p>\n<p>Ce bien de standing est id\u00e9al pour une personne ou un couple \u00e0 la recherche d&#8217;une r\u00e9sidence principale avec un tr\u00e8s bon emplacement, rue Vaneau, \u00e0 deux pas de la rue de S\u00e8vre et de Saint Germain des Pr\u00e8s.<\/p>\n<p>&nbsp;<\/p>\n<p style=\"text-align: center\">N&#8217;attendez plus pour louer ce bien situ\u00e9 dans un quartier r\u00e9put\u00e9 et calme de Paris :\u00a0<a href=\"http:\/\/www.myparisagency.com\/fr\/appartements\/654\/matignon\">http:\/\/www.myparisagency.com\/fr\/appartements\/654\/matignon<\/a><\/p>\n","protected":false},"excerpt":{"rendered":"<p>Du haut de son 5\u00e8me \u00e9tage, ce charmant appartement de 40m2, r\u00e9nov\u00e9 \u00e0 neuf, d\u00e9voile une agr\u00e9able pi\u00e8ce \u00e0 vivre ouverte sur la cuisine toute \u00e9quip\u00e9e. Avec de grandes portes fen\u00eatres expos\u00e9es plein Ouest, le Matignon b\u00e9n\u00e9ficie d&#8217;une excellente luminosit\u00e9, sans vis-\u00e0-vis. Sa d\u00e9coration \u00e9pur\u00e9e et moderne vous fait vous sentir chez vous en l&#8217;espace&hellip;<\/p>\n","protected":false},"author":3,"featured_media":0,"comment_status":"open","ping_status":"open","sticky":false,"template":"","format":"standard","meta":[],"categories":[1],"tags":[],"_links":{"self":[{"href":"https:\/\/www.myparisagency.com\/blog\/wp-json\/wp\/v2\/posts\/2769"}],"collection":[{"href":"https:\/\/www.myparisagency.com\/blog\/wp-json\/wp\/v2\/posts"}],"about":[{"href":"https:\/\/www.myparisagency.com\/blog\/wp-json\/wp\/v2\/types\/post"}],"author":[{"embeddable":true,"href":"https:\/\/www.myparisagency.com\/blog\/wp-json\/wp\/v2\/users\/3"}],"replies":[{"embeddable":true,"href":"https:\/\/www.myparisagency.com\/blog\/wp-json\/wp\/v2\/comments?post=2769"}],"version-history":[{"count":3,"href":"https:\/\/www.myparisagency.com\/blog\/wp-json\/wp\/v2\/posts\/2769\/revisions"}],"predecessor-version":[{"id":2788,"href":"https:\/\/www.myparisagency.com\/blog\/wp-json\/wp\/v2\/posts\/2769\/revisions\/2788"}],"wp:attachment":[{"href":"https:\/\/www.myparisagency.com\/blog\/wp-json\/wp\/v2\/media?parent=2769"}],"wp:term":[{"taxonomy":"category","embeddable":true,"href":"https:\/\/www.myparisagency.com\/blog\/wp-json\/wp\/v2\/categories?post=2769"},{"taxonomy":"post_tag","embeddable":true,"href":"https:\/\/www.myparisagency.com\/blog\/wp-json\/wp\/v2\/tags?post=2769"}],"curies":[{"name":"wp","href":"https:\/\/api.w.org\/{rel}","templated":true}]}}