{"id":2723,"date":"2018-07-09T12:23:43","date_gmt":"2018-07-09T11:23:43","guid":{"rendered":"http:\/\/www.myparisagency.com\/blog\/?p=2723"},"modified":"2019-07-23T11:05:57","modified_gmt":"2019-07-23T10:05:57","slug":"le-14-juillet-fete-nationale","status":"publish","type":"post","link":"https:\/\/www.myparisagency.com\/blog\/fr\/2018\/07\/09\/le-14-juillet-fete-nationale","title":{"rendered":"Le 14 Juillet &#8211; F\u00eate Nationale"},"content":{"rendered":"<p>Jour f\u00e9ri\u00e9 et f\u00eate nationale depuis le 6 Juillet 1880, le 14 Juillet comm\u00e9more \u00e0 la fois la prise de la Bastille en 1789 et la F\u00eate de la Nation en 1790.<\/p>\n<p>Aujourd&#8217;hui, le <strong>14 Juillet<\/strong> est l&#8217;occasion de voir de nombreux feux d&#8217;artifices, tous plus beaux les uns que les autres. A Paris, le feu d&#8217;artifice est tir\u00e9 du Champ de Mars avec la Tour Eiffel en fond. Pelouse, Seine, terrasse, Montmartre, il est impossible de donner le meilleur spot pour l&#8217;admirer, mais une chose est certaine : il faut arriver t\u00f4t pour avoir les meilleures places.<\/p>\n","protected":false},"excerpt":{"rendered":"<p>Jour f\u00e9ri\u00e9 et f\u00eate nationale depuis le 6 Juillet 1880, le 14 Juillet comm\u00e9more \u00e0 la fois la prise de la Bastille en 1789 et la F\u00eate de la Nation en 1790. Aujourd&#8217;hui, le 14 Juillet est l&#8217;occasion de voir de nombreux feux d&#8217;artifices, tous plus beaux les uns que les autres. A Paris, le&hellip;<\/p>\n","protected":false},"author":3,"featured_media":2724,"comment_status":"open","ping_status":"open","sticky":false,"template":"","format":"standard","meta":[],"categories":[7],"tags":[18,19,13],"_links":{"self":[{"href":"https:\/\/www.myparisagency.com\/blog\/wp-json\/wp\/v2\/posts\/2723"}],"collection":[{"href":"https:\/\/www.myparisagency.com\/blog\/wp-json\/wp\/v2\/posts"}],"about":[{"href":"https:\/\/www.myparisagency.com\/blog\/wp-json\/wp\/v2\/types\/post"}],"author":[{"embeddable":true,"href":"https:\/\/www.myparisagency.com\/blog\/wp-json\/wp\/v2\/users\/3"}],"replies":[{"embeddable":true,"href":"https:\/\/www.myparisagency.com\/blog\/wp-json\/wp\/v2\/comments?post=2723"}],"version-history":[{"count":2,"href":"https:\/\/www.myparisagency.com\/blog\/wp-json\/wp\/v2\/posts\/2723\/revisions"}],"predecessor-version":[{"id":2917,"href":"https:\/\/www.myparisagency.com\/blog\/wp-json\/wp\/v2\/posts\/2723\/revisions\/2917"}],"wp:featuredmedia":[{"embeddable":true,"href":"https:\/\/www.myparisagency.com\/blog\/wp-json\/wp\/v2\/media\/2724"}],"wp:attachment":[{"href":"https:\/\/www.myparisagency.com\/blog\/wp-json\/wp\/v2\/media?parent=2723"}],"wp:term":[{"taxonomy":"category","embeddable":true,"href":"https:\/\/www.myparisagency.com\/blog\/wp-json\/wp\/v2\/categories?post=2723"},{"taxonomy":"post_tag","embeddable":true,"href":"https:\/\/www.myparisagency.com\/blog\/wp-json\/wp\/v2\/tags?post=2723"}],"curies":[{"name":"wp","href":"https:\/\/api.w.org\/{rel}","templated":true}]}}