{"id":2664,"date":"2018-05-28T13:52:39","date_gmt":"2018-05-28T12:52:39","guid":{"rendered":"http:\/\/www.myparisagency.com\/blog\/?p=2664"},"modified":"2019-07-23T11:09:20","modified_gmt":"2019-07-23T10:09:20","slug":"we-love-green-2-3-juin","status":"publish","type":"post","link":"https:\/\/www.myparisagency.com\/blog\/fr\/2018\/05\/28\/we-love-green-2-3-juin","title":{"rendered":"We Love Green &#8211; 2 &amp; 3 juin"},"content":{"rendered":"<p>Lanc\u00e9 en 2011 \u00e0 Paris, le <a href=\"http:\/\/www.welovegreen.fr\/\">We Love Green<\/a> est un festival au but audacieux : <strong>allier musique et respect de l&#8217;environnement<\/strong>. En quelques ann\u00e9es, le We Love Green est devenu un rendez-vous incontournable : les <strong>2 &amp; 3 juin<\/strong> entre amis ou en famille, plongez dans cet univers fleuri et musical.<\/p>\n<p>A l&#8217;heure o\u00f9 de plus en plus d&#8217;\u00e9v\u00e8nements de grande ampleur sont organis\u00e9s, le We Love Green propose \u00e0 la fois un rendez-vous musical au sommet : les artistes phares de l&#8217;ann\u00e9e se succ\u00e8dent sur les diff\u00e9rentes sc\u00e8nes, et un lieu de r\u00e9flexion et d&#8217;\u00e9change autour du d\u00e9veloppement durable et de la ville de demain. Entre deux concerts, participez \u00e0 un <a href=\"http:\/\/www.welovegreen.fr\/think-tank-2018\/\">think-tank<\/a> sur la gestion des d\u00e9chets ou assistez \u00e0 une projection sur les \u00e9nergies renouvelables.<\/p>\n<p>Dans un d\u00e9cor de r\u00eave : en plein milieu du Bois de Vincennes, d\u00e9couvrez une installation sc\u00e9nographique \u00e0 la fois originale, design et responsable. Le temps d&#8217;un week-end, plongez dans un univers floral.<\/p>\n<p>Que ce soit sur le dancefloor ou sous une tente de talk, participez \u00e0 un \u00e9v\u00e8nement responsable et engag\u00e9 !<\/p>\n<p>Ne tardez plus \u00e0 <a href=\"http:\/\/www.welovegreen.fr\/billetterie\/\">prendre votre billet<\/a>, il en reste tr\u00e8s peu !<\/p>\n<p><strong>Info pratiques :<\/strong><\/p>\n<ul>\n<li>Dates : les 2 et 3 juin<\/li>\n<li>Lieu : Bois de Vincennes<\/li>\n<li><a href=\"http:\/\/www.welovegreen.fr\/\">Site officiel<\/a><\/li>\n<\/ul>\n","protected":false},"excerpt":{"rendered":"<p>Lanc\u00e9 en 2011 \u00e0 Paris, le We Love Green est un festival au but audacieux : allier musique et respect de l&#8217;environnement. En quelques ann\u00e9es, le We Love Green est devenu un rendez-vous incontournable : les 2 &amp; 3 juin entre amis ou en famille, plongez dans cet univers fleuri et musical. A l&#8217;heure o\u00f9&hellip;<\/p>\n","protected":false},"author":3,"featured_media":2673,"comment_status":"open","ping_status":"open","sticky":false,"template":"","format":"standard","meta":[],"categories":[6],"tags":[],"_links":{"self":[{"href":"https:\/\/www.myparisagency.com\/blog\/wp-json\/wp\/v2\/posts\/2664"}],"collection":[{"href":"https:\/\/www.myparisagency.com\/blog\/wp-json\/wp\/v2\/posts"}],"about":[{"href":"https:\/\/www.myparisagency.com\/blog\/wp-json\/wp\/v2\/types\/post"}],"author":[{"embeddable":true,"href":"https:\/\/www.myparisagency.com\/blog\/wp-json\/wp\/v2\/users\/3"}],"replies":[{"embeddable":true,"href":"https:\/\/www.myparisagency.com\/blog\/wp-json\/wp\/v2\/comments?post=2664"}],"version-history":[{"count":3,"href":"https:\/\/www.myparisagency.com\/blog\/wp-json\/wp\/v2\/posts\/2664\/revisions"}],"predecessor-version":[{"id":2924,"href":"https:\/\/www.myparisagency.com\/blog\/wp-json\/wp\/v2\/posts\/2664\/revisions\/2924"}],"wp:featuredmedia":[{"embeddable":true,"href":"https:\/\/www.myparisagency.com\/blog\/wp-json\/wp\/v2\/media\/2673"}],"wp:attachment":[{"href":"https:\/\/www.myparisagency.com\/blog\/wp-json\/wp\/v2\/media?parent=2664"}],"wp:term":[{"taxonomy":"category","embeddable":true,"href":"https:\/\/www.myparisagency.com\/blog\/wp-json\/wp\/v2\/categories?post=2664"},{"taxonomy":"post_tag","embeddable":true,"href":"https:\/\/www.myparisagency.com\/blog\/wp-json\/wp\/v2\/tags?post=2664"}],"curies":[{"name":"wp","href":"https:\/\/api.w.org\/{rel}","templated":true}]}}