{"id":2648,"date":"2018-05-14T11:13:11","date_gmt":"2018-05-14T10:13:11","guid":{"rendered":"http:\/\/www.myparisagency.com\/blog\/?p=2648"},"modified":"2019-07-23T11:09:55","modified_gmt":"2019-07-23T10:09:55","slug":"la-nuit-des-musees","status":"publish","type":"post","link":"https:\/\/www.myparisagency.com\/blog\/fr\/2018\/05\/14\/la-nuit-des-musees","title":{"rendered":"La Nuit des Mus\u00e9es"},"content":{"rendered":"<p><strong>Samedi 19 mai<\/strong> a lieu la <a href=\"https:\/\/nuitdesmusees.culturecommunication.gouv.fr\/Programme#\/search@46.87419338005648,7.279440000000022,4.628982650237711\">Nuit Europ\u00e9enne des Mus\u00e9es<\/a>. Louvre, Centre Pompidou, Orsay, Quai Branly, Cit\u00e9 des Sciences et de l&#8217;Industrie, Fondation Louis Vuitton&#8230; Tous vous accueillent vous une nuit artistique.<\/p>\n<p>Depuis 2001, les plus grands mus\u00e9es europ\u00e9ens ouvrent leurs portes, souvent gratuitement, avec de nombreuses animations. L&#8217;id\u00e9e est n\u00e9e \u00e0 la fin des ann\u00e9es 1990 \u00e0 Berlin, en Allemagne sur la c\u00e9l\u00e8bre \u00celes des Mus\u00e9es, la\u00a0<em>Museuminsel.<\/em><\/p>\n<p>Le but ? Rendre les mus\u00e9es et leurs tr\u00e9sors accessibles \u00e0 tous, aussi bien aux familles qu&#8217;aux noctambules. La France a rejoint ce mouvement en 2005.<\/p>\n<p>Pour profiter pleinement de cette nuit, pas moins de 200 activit\u00e9s vous sont propos\u00e9es Paris intra muros ! Pour un programme plus d\u00e9taill\u00e9, <a href=\"https:\/\/nuitdesmusees.culturecommunication.gouv.fr\/Actualites\/Minuit-a-Paris\" target=\"_blank\">c&#8217;est ici<\/a>\u00a0 ! N&#8217;h\u00e9sitez pas \u00e0 aller sur la <a href=\"https:\/\/www.facebook.com\/pg\/nuitdesmusees\/events\/\" target=\"_blank\">page Facebook de la Nuits des Mus\u00e9es<\/a>\u00a0pour plus d&#8217;informations.<\/p>\n<p style=\"text-align: center\">Et afin de s&#8217;endormir la t\u00eate encore pleine de merveilles, n&#8217;h\u00e9sitez pas \u00e0 r\u00e9server votre appartement parisien \u00e0 deux pas des mus\u00e9es !\u00a0Rendez-vous sur notre site Internet :\u00a0<a href=\"http:\/\/www.myparisagency.com\/\">www.myparisagency.com<\/a>, l\u2019appartement de vos envies vous attend.<\/p>\n<p>&nbsp;<\/p>\n","protected":false},"excerpt":{"rendered":"<p>Samedi 19 mai a lieu la Nuit Europ\u00e9enne des Mus\u00e9es. Louvre, Centre Pompidou, Orsay, Quai Branly, Cit\u00e9 des Sciences et de l&#8217;Industrie, Fondation Louis Vuitton&#8230; Tous vous accueillent vous une nuit artistique. Depuis 2001, les plus grands mus\u00e9es europ\u00e9ens ouvrent leurs portes, souvent gratuitement, avec de nombreuses animations. L&#8217;id\u00e9e est n\u00e9e \u00e0 la fin des&hellip;<\/p>\n","protected":false},"author":3,"featured_media":2661,"comment_status":"open","ping_status":"open","sticky":false,"template":"","format":"standard","meta":[],"categories":[4],"tags":[],"_links":{"self":[{"href":"https:\/\/www.myparisagency.com\/blog\/wp-json\/wp\/v2\/posts\/2648"}],"collection":[{"href":"https:\/\/www.myparisagency.com\/blog\/wp-json\/wp\/v2\/posts"}],"about":[{"href":"https:\/\/www.myparisagency.com\/blog\/wp-json\/wp\/v2\/types\/post"}],"author":[{"embeddable":true,"href":"https:\/\/www.myparisagency.com\/blog\/wp-json\/wp\/v2\/users\/3"}],"replies":[{"embeddable":true,"href":"https:\/\/www.myparisagency.com\/blog\/wp-json\/wp\/v2\/comments?post=2648"}],"version-history":[{"count":7,"href":"https:\/\/www.myparisagency.com\/blog\/wp-json\/wp\/v2\/posts\/2648\/revisions"}],"predecessor-version":[{"id":2925,"href":"https:\/\/www.myparisagency.com\/blog\/wp-json\/wp\/v2\/posts\/2648\/revisions\/2925"}],"wp:featuredmedia":[{"embeddable":true,"href":"https:\/\/www.myparisagency.com\/blog\/wp-json\/wp\/v2\/media\/2661"}],"wp:attachment":[{"href":"https:\/\/www.myparisagency.com\/blog\/wp-json\/wp\/v2\/media?parent=2648"}],"wp:term":[{"taxonomy":"category","embeddable":true,"href":"https:\/\/www.myparisagency.com\/blog\/wp-json\/wp\/v2\/categories?post=2648"},{"taxonomy":"post_tag","embeddable":true,"href":"https:\/\/www.myparisagency.com\/blog\/wp-json\/wp\/v2\/tags?post=2648"}],"curies":[{"name":"wp","href":"https:\/\/api.w.org\/{rel}","templated":true}]}}