{"id":2613,"date":"2018-04-09T12:25:22","date_gmt":"2018-04-09T11:25:22","guid":{"rendered":"http:\/\/www.myparisagency.com\/blog\/?p=2613"},"modified":"2019-07-23T11:11:23","modified_gmt":"2019-07-23T10:11:23","slug":"expositionsavril","status":"publish","type":"post","link":"https:\/\/www.myparisagency.com\/blog\/fr\/2018\/04\/09\/expositionsavril","title":{"rendered":"Les expositions incontournables d&#8217;Avril"},"content":{"rendered":"<p><!--\np.p1 {margin: 0.0px 0.0px 0.0px 0.0px; font: 11.0px Helvetica; -webkit-text-stroke: #000000} p.p2 {margin: 0.0px 0.0px 0.0px 0.0px; font: 11.0px Helvetica; -webkit-text-stroke: #000000; min-height: 13.0px} li.li1 {margin: 0.0px 0.0px 0.0px 0.0px; font: 11.0px Helvetica; -webkit-text-stroke: #000000} span.s1 {font-kerning: none} span.s2 {font: 12.0px Helvetica} span.s3 {font: 11.0px Helvetica; text-decoration: underline ; font-kerning: none} span.s4 {text-decoration: underline ; font-kerning: none} span.Apple-tab-span {white-space:pre}\n-->Paris regorge de mus\u00e9es et d\u2019expositions, l\u2019\u00e9quipe de <a href=\"http:\/\/www.myparisagency.com\/fr\/agence\">My Paris Agency<\/a> vous a s\u00e9lectionn\u00e9 quelques expositions incontournables de ce mois d\u2019Avril.<\/p>\n<ul>\n<li>\n<h4><strong><a href=\"https:\/\/peterauto.peter.fr\/fr\/tour-auto-optic-2000\/\">Tour Auto Optic 2000<\/a>\u00a0&#8211; <em>Grand Palais<\/em><\/strong><\/h4>\n<\/li>\n<\/ul>\n<p>Comme le veut la tradition, le Tour Auto Optic 2000 d\u00e9bute par une exposition des 240 v\u00e9hicules anciens sous la verri\u00e8re du Grand Palais. L\u00e0-m\u00eame o\u00f9 fut organis\u00e9 le premier Salon de l\u2019Automobile en 1901.<\/p>\n<p>23 Avril 2018, de\u00a010h\u00a0 \u00e0 17h<\/p>\n<p><strong>Grand Palais\u00a0<\/strong>3, avenue du G\u00e9n\u00e9ral Eisenhower,\u00a075008 Paris<\/p>\n<p><em>Acc\u00e8s<\/em> :<\/p>\n<ul>\n<li>M\u00e9tro : lignes 1, 9, 13 \/ Stations : Franklin-D.-Roosevelt, Champs-Elys\u00e9es-Clemenceau<\/li>\n<li>RER : ligne C \/ Station : Invalides<\/li>\n<li>Bus : lignes 28, 42, 52, 63, 72, 73, 80, 83, 93<\/li>\n<\/ul>\n<ul>\n<ul>\n<li>\n<h4><strong><a href=\"http:\/\/www.festival-circulations.com\">Circulation(s)<\/a> &#8211; Festival de la jeune photographie europ\u00e9enne &#8211; <i>Cent-Quatre<\/i><\/strong><\/h4>\n<\/li>\n<\/ul>\n<\/ul>\n<p>La photographie investit les espaces du <a href=\"http:\/\/www.104.fr\/\">Cent-quatre<\/a> ! Jusqu\u2019au 6 mai, venez d\u00e9couvrir les visions de 50 jeunes photographes venant des quatre coins du continent europ\u00e9en. Cette invitation au voyage et \u00e0 la d\u00e9couverte offre des regards nouveaux et atypiques sur le monde d\u2019aujourd\u2019hui.<\/p>\n<p>Pour cette huiti\u00e8me \u00e9dition, le festival ne cesse de questionner les grands enjeux contemporains tels que l\u2019urbanisation, les conflits mais aussi la porosit\u00e9 des fronti\u00e8res.<\/p>\n<p>A l\u2019image des artistes, le Festival Circulation(s) est mobile et s\u2019installe hors les murs, dans 13 stations de m\u00e9tro et RER, mais aussi sur les grilles de la Gare de l\u2019Est.<\/p>\n<p>Alors, pr\u00eats pour un voyage photographique ?<\/p>\n<p>&nbsp;<\/p>\n<p><strong>Le 104\u00a0<\/strong>5 rue Curial,\u00a075019 Paris<\/p>\n<p><em>Acc\u00e8s<\/em> :<\/p>\n<ul>\n<li>M\u00e9tro : Ligne 7 &#8211; Riquet<\/li>\n<li>Bus : 54 et 60 &#8211; Crucial, Riquet<\/li>\n<\/ul>\n<p><em>Horaires<\/em> :<\/p>\n<ul>\n<li>Du mercredi au dimanche (hors vacances)<\/li>\n<li>Du mardi au dimanche (en p\u00e9riode de vacances)<\/li>\n<li>De 14h \u00e0 19h la semaine, et de 12h \u00e0 19h le week-end<\/li>\n<\/ul>\n<p>&nbsp;<\/p>\n<ul>\n<li>\n<h4><strong><a href=\"http:\/\/presse.louvre.fr\/calendrier-des-expositions-2018-3\/\">Eug\u00e8ne Delacroix s\u2019invite au Louvre<\/a><\/strong><\/h4>\n<\/li>\n<\/ul>\n<p>En association avec le MMA (Metropolitan Mus\u00e9um of Art), le Louvre propose une exposition unique et in\u00e9dite. Au fil des tableaux, dans le hall Napol\u00e9on, entrez dans l\u2019univers d\u2019Eug\u00e8ne Delacroix \u00e0 la fois emprunt d\u2019originalit\u00e9 et de tradition.<\/p>\n<p>C\u00e9l\u00e8bre peintre fran\u00e7ais du XIX\u00e8, Eug\u00e8ne Delacroix est consid\u00e9r\u00e9 comme \u00e9tant le p\u00e8re du romantisme. Ses oeuvres s\u2019inspirent \u00e0 la fois de d\u2019anecdotes historiques et litt\u00e9raires que de faits contemporains.<\/p>\n<p>Mais malgr\u00e9 son ind\u00e9niable c\u00e9l\u00e9brit\u00e9, sa carri\u00e8re artistique reste un myst\u00e8re<\/p>\n<p><strong>Mus\u00e9e du Louvre<\/strong>,\u00a0Rue de Rivoli, 75001 Paris<\/p>\n<p><em>Tarifs<\/em> :\u00a0Billet unique (collections permanentes et expositions) : 15\u20ac sur place.<\/p>\n<p><em>Horaires<\/em>\u00a0:<\/p>\n<ul>\n<li>Ouvert tous les jours, sauf le mardi, de 9 h \u00e0 18 h.<\/li>\n<li>Nocturnes les mercredi et vendredi jusqu\u2019\u00e0 21h45.<\/li>\n<\/ul>\n<p><em>Acc\u00e8s<\/em> :<\/p>\n<ul>\n<li>M\u00e9tro : Lignes 1 et 7 &#8211;\u00a0Palais-Royal \/ Mus\u00e9e du Louvre ; Ligne 14 &#8211; Pyramides<\/li>\n<li>Bus : bus n\u00b0 21, 24, 27, 39, 48, 68, 69, 72, 81, 95<\/li>\n<\/ul>\n<p><span style=\"font-size: 13px\">\u00a0<\/span><\/p>\n<ul>\n<li>\n<h4><strong><a href=\"https:\/\/philharmoniedeparis.fr\/fr\/exposition-daho\">Daho l\u2019aime Pop!<\/a> &#8211;<em> Philharmonique de Paris<\/em><\/strong><\/h4>\n<\/li>\n<\/ul>\n<p>A la fois intimiste et immersive, cette exposition contemporaine retrace de mani\u00e8re chronologique et subjective l\u2019histoire de la pop fran\u00e7aise.<\/p>\n<p>Pour cette seconde exposition en musique, la Philharmonique de Paris donne carte blanche \u00e0 Etienne Daho, aussi bien pour l\u2019installation sonore accompagnant le visiteur tout au long de sa visite, que pour le choix des quelques 200 photographies. Ici, l\u2019artiste fran\u00e7ais est \u00e0 la fois chanteur et photographe.<\/p>\n<p><strong>Cit\u00e9 de la musique &#8211; Philharmonie de Paris\u00a0<\/strong>221, avenue Jean-Jaur\u00e8s,\u00a075019 Paris<\/p>\n<p><em>Horaires<\/em> :<\/p>\n<ul>\n<li>Du mardi au jeudi\u00a0: 12h00 \u2013 18h00<\/li>\n<li>Vendredi\u00a0: 12h00 \u2013 20h00<\/li>\n<li>Samedi et dimanche\u00a0: 10h00 \u2013 20h00<\/li>\n<\/ul>\n<p><em>Acc\u00e8s<\/em> :<\/p>\n<ul>\n<li>M\u00e9tro : Ligne 5 &#8211; Porte de Pantin<\/li>\n<li>Tramway : T3b &#8211; Porte de Pantin<\/li>\n<li>Bus : Ligne 75 : Pont Neuf \u2013 Porte de Pantin \/\u00a0 Ligne 151 : Bondy-Jouhaux-Blum \u2013 Porte de Pantin<\/li>\n<\/ul>\n<p>&nbsp;<\/p>\n<ul>\n<li>\n<h4><strong><a href=\"http:\/\/www.mam.paris.fr\/fr\/expositions\/exposition-mohamed-bourouissa\">Urban Riders<\/a> &#8211; <em>Mus\u00e9e d\u2019Art Moderne de la Ville de Paris<\/em><\/strong><\/h4>\n<\/li>\n<\/ul>\n<p>Mohamed Bourouissa, plasticien franco-alg\u00e9rien, est parti \u00e0 la rencontre des cow-boys afro-am\u00e9ricains du XXI\u00e8me si\u00e8cle. Dans le quartier de Fletcher Street\u00a0 \u00e0 Philadelphie, des \u00e9curies accueillent des chevaux abandonn\u00e9s et des jeunes d\u00e9favoris\u00e9s du quartier.<\/p>\n<p>Cette utopie urbaine met en lumi\u00e8re les questions relatives \u00e0 l\u2019appropriation des territoires urbains, du pouvoir et de la transgression.<\/p>\n<p>Croquis, story boards, photographies, dessins, collages, cette exposition multi-supports s\u2019articule autours de la r\u00e9alisation du film Horse Day.<\/p>\n<p>Jusqu\u2019au 22 avril<\/p>\n<p>&nbsp;<\/p>\n<p><strong>Mus\u00e9e d\u2019Art Moderne de la Ville de Paris\u00a0<\/strong>11, avenue du Pr\u00e9sident Wilson,\u00a075116 Paris<\/p>\n<p><em>Horaires<\/em> :<\/p>\n<ul>\n<li>Ouvert du mardi au dimanche de 10h00 \u00e0 18h00<\/li>\n<li>Nocturne le jeudi jusqu\u2019\u00e0 22h00 pour les expositions temporaires<\/li>\n<\/ul>\n<p><em>Acc\u00e8s<\/em> :<\/p>\n<ul>\n<li>M\u00e9tro : ligne 9 &#8211; Alma-Marceau ou I\u00e9na<\/li>\n<li>Bus : lignes 32, 42, 72, 80, 82 et 92<\/li>\n<\/ul>\n<p>&nbsp;<\/p>\n<ul>\n<li>\n<h4><strong><a href=\"http:\/\/madparis.fr\/francais\/musees\/musee-des-arts-decoratifs\/expositions-1210\/expositions-en-cours\/margiela-les-annees-hermes\/\">Margiela, les ann\u00e9es Herm\u00e8s<\/a> &#8211; <em>Mus\u00e9e des Arts D\u00e9coratifs<\/em><\/strong><\/h4>\n<\/li>\n<\/ul>\n<p>Apr\u00e8s avoir pr\u00e9sent\u00e9, avec un immense succ\u00e8s, les collections de Christian Dior, les Arts D\u00e9co proposent, pour la premi\u00e8re fois en France, une exposition mettant en lumi\u00e8re le travail du cr\u00e9ateur belge Margiela au sein de la renomm\u00e9e maison Herm\u00e8s.<\/p>\n<p>Pr\u00e8s d\u2019une centaine de silhouettes donnent \u00e0 voir la d\u00e9marche de Martin Margiela, \u00e0 mi-chemin entre la d\u00e9contraction novatrice et luxe intemporel.<\/p>\n<p>La direction artistique est assur\u00e9e par le cr\u00e9ateur en personne, garantissant ainsi un rendu le plus fid\u00e8le possible.<\/p>\n<p>&nbsp;<\/p>\n<p><strong>Mus\u00e9e des Arts D\u00e9coratifs\u00a0<\/strong>107, rue de Rivoli,\u00a075001 Paris<\/p>\n<p><em>Horaires<\/em> :<\/p>\n<ul>\n<li>Du mardi au dimanche : de 11h \u00e0 18h<\/li>\n<li>Nocturne le jeudi soir jusqu\u2019\u00e0 21h<\/li>\n<\/ul>\n<p><em>Acc\u00e8s<\/em> :<\/p>\n<ul>\n<li>M\u00e9tro : Ligne 1 &#8211; Palais-Royal ou Tuileries \/ Ligne 14 &#8211; Pyramides<\/li>\n<li>Bus : 21, 27, 39, 48, 68, 69, 72, 81, 95<\/li>\n<\/ul>\n<p>&nbsp;<\/p>\n<p style=\"text-align: center\">Afin de profiter au mieux de ces expositions, n\u2019oubliez pas de r\u00e9server votre appartement parisien ! Rendez-vous sur notre site Internet : <a href=\"http:\/\/www.myparisagency.com\/\">www.myparisagency.com<\/a><\/p>\n","protected":false},"excerpt":{"rendered":"<p>Paris regorge de mus\u00e9es et d\u2019expositions, l\u2019\u00e9quipe de My Paris Agency vous a s\u00e9lectionn\u00e9 quelques expositions incontournables de ce mois d\u2019Avril. Tour Auto Optic 2000\u00a0&#8211; Grand Palais Comme le veut la tradition, le Tour Auto Optic 2000 d\u00e9bute par une exposition des 240 v\u00e9hicules anciens sous la verri\u00e8re du Grand Palais. L\u00e0-m\u00eame o\u00f9 fut organis\u00e9&hellip;<\/p>\n","protected":false},"author":3,"featured_media":0,"comment_status":"open","ping_status":"open","sticky":false,"template":"","format":"standard","meta":[],"categories":[4],"tags":[],"_links":{"self":[{"href":"https:\/\/www.myparisagency.com\/blog\/wp-json\/wp\/v2\/posts\/2613"}],"collection":[{"href":"https:\/\/www.myparisagency.com\/blog\/wp-json\/wp\/v2\/posts"}],"about":[{"href":"https:\/\/www.myparisagency.com\/blog\/wp-json\/wp\/v2\/types\/post"}],"author":[{"embeddable":true,"href":"https:\/\/www.myparisagency.com\/blog\/wp-json\/wp\/v2\/users\/3"}],"replies":[{"embeddable":true,"href":"https:\/\/www.myparisagency.com\/blog\/wp-json\/wp\/v2\/comments?post=2613"}],"version-history":[{"count":9,"href":"https:\/\/www.myparisagency.com\/blog\/wp-json\/wp\/v2\/posts\/2613\/revisions"}],"predecessor-version":[{"id":2930,"href":"https:\/\/www.myparisagency.com\/blog\/wp-json\/wp\/v2\/posts\/2613\/revisions\/2930"}],"wp:attachment":[{"href":"https:\/\/www.myparisagency.com\/blog\/wp-json\/wp\/v2\/media?parent=2613"}],"wp:term":[{"taxonomy":"category","embeddable":true,"href":"https:\/\/www.myparisagency.com\/blog\/wp-json\/wp\/v2\/categories?post=2613"},{"taxonomy":"post_tag","embeddable":true,"href":"https:\/\/www.myparisagency.com\/blog\/wp-json\/wp\/v2\/tags?post=2613"}],"curies":[{"name":"wp","href":"https:\/\/api.w.org\/{rel}","templated":true}]}}