{"id":2609,"date":"2018-03-23T15:07:33","date_gmt":"2018-03-23T14:07:33","guid":{"rendered":"http:\/\/www.myparisagency.com\/blog\/?p=2609"},"modified":"2019-07-23T11:11:44","modified_gmt":"2019-07-23T10:11:44","slug":"la-villette-fete-ses-35-ans","status":"publish","type":"post","link":"https:\/\/www.myparisagency.com\/blog\/fr\/2018\/03\/23\/la-villette-fete-ses-35-ans","title":{"rendered":"La Villette f\u00eate ses 35 ans"},"content":{"rendered":"<p>Il y a 35 ans, tr\u00e8s exactement le 24\u00a0mars 1983, l&#8217;architecte Bernard Tschumi \u00e9tait choisi comme ma\u00eetre d&#8217;oeuvre g\u00e9n\u00e9ral pour transformer les anciens abattoirs de la\u00a0\u00a0<a href=\"https:\/\/www.lesechos.fr\/06\/01\/2012\/LesEchos\/21096-037-ECH_dans-les-entrailles-de-la-villette.htm\">Villette, \u00e0 Paris, en un parc culturel<\/a>\u00a0sur 55 hectares. D\u00e9sormais, le parc re\u00e7oit plus de 10 millions de visiteurs par an !<\/p>\n<p>Pour f\u00eater cet anniversaire. le 24 et 25 mars prochains d\u00e9couvrez une foule d\u2019events et d\u2019activit\u00e9s. Tout d&#8217;abord un \u00e9v\u00e8nement culturel \u00e0 travers une rencontre avec Bernard Tschumi en compagnie de Jack Lang, o\u00f9 ils tenteront de r\u00e9pondre \u00e0 une question dans l&#8217;\u00e8re du temps : <em>\u00e0 l\u2019\u00e8re 2.0 o\u00f9 la repr\u00e9sentation de l\u2019image num\u00e9rique est omnipr\u00e9sente et des plus r\u00e9alistes, serait-il encore possible de concevoir le parc \u00e0 partir d\u2019une pens\u00e9e abstraite ?<\/em><\/p>\n<p>C\u00f4t\u00e9 musique, le parc nous donne rendez vous au\u00a0&#8220;Grand Bal modern style&#8221;\u00a0o\u00f9 seront r\u00e9unis un ch\u0153ur de 350 coll\u00e9giens, une centaine d\u2019\u00e9l\u00e8ves danseurs du Conservatoire de Paris, 10 musiciens et un chef d\u2019orchestre en fin de cycle d\u2019\u00e9tudes.<\/p>\n<p>Rendez-vous vite sur notre site Internet pour louer votre appartement parisien afin d&#8217;assister \u00e0 cet \u00e9v\u00e8nement unique : www.myparisagency.com<\/p>\n","protected":false},"excerpt":{"rendered":"<p>Il y a 35 ans, tr\u00e8s exactement le 24\u00a0mars 1983, l&#8217;architecte Bernard Tschumi \u00e9tait choisi comme ma\u00eetre d&#8217;oeuvre g\u00e9n\u00e9ral pour transformer les anciens abattoirs de la\u00a0\u00a0Villette, \u00e0 Paris, en un parc culturel\u00a0sur 55 hectares. D\u00e9sormais, le parc re\u00e7oit plus de 10 millions de visiteurs par an ! Pour f\u00eater cet anniversaire. le 24 et 25&hellip;<\/p>\n","protected":false},"author":2,"featured_media":0,"comment_status":"open","ping_status":"open","sticky":false,"template":"","format":"standard","meta":[],"categories":[4,6],"tags":[],"_links":{"self":[{"href":"https:\/\/www.myparisagency.com\/blog\/wp-json\/wp\/v2\/posts\/2609"}],"collection":[{"href":"https:\/\/www.myparisagency.com\/blog\/wp-json\/wp\/v2\/posts"}],"about":[{"href":"https:\/\/www.myparisagency.com\/blog\/wp-json\/wp\/v2\/types\/post"}],"author":[{"embeddable":true,"href":"https:\/\/www.myparisagency.com\/blog\/wp-json\/wp\/v2\/users\/2"}],"replies":[{"embeddable":true,"href":"https:\/\/www.myparisagency.com\/blog\/wp-json\/wp\/v2\/comments?post=2609"}],"version-history":[{"count":2,"href":"https:\/\/www.myparisagency.com\/blog\/wp-json\/wp\/v2\/posts\/2609\/revisions"}],"predecessor-version":[{"id":2931,"href":"https:\/\/www.myparisagency.com\/blog\/wp-json\/wp\/v2\/posts\/2609\/revisions\/2931"}],"wp:attachment":[{"href":"https:\/\/www.myparisagency.com\/blog\/wp-json\/wp\/v2\/media?parent=2609"}],"wp:term":[{"taxonomy":"category","embeddable":true,"href":"https:\/\/www.myparisagency.com\/blog\/wp-json\/wp\/v2\/categories?post=2609"},{"taxonomy":"post_tag","embeddable":true,"href":"https:\/\/www.myparisagency.com\/blog\/wp-json\/wp\/v2\/tags?post=2609"}],"curies":[{"name":"wp","href":"https:\/\/api.w.org\/{rel}","templated":true}]}}