{"id":2531,"date":"2017-11-02T16:27:03","date_gmt":"2017-11-02T15:27:03","guid":{"rendered":"http:\/\/www.myparisagency.com\/blog\/?p=2531"},"modified":"2017-10-17T16:29:09","modified_gmt":"2017-10-17T15:29:09","slug":"soyer","status":"publish","type":"post","link":"https:\/\/www.myparisagency.com\/blog\/fr\/2017\/11\/02\/soyer","title":{"rendered":"Soyer"},"content":{"rendered":"<p>Habillez-vous chic pour votre s\u00e9jour aux portes de Paris, dans la c\u00e9l\u00e8bre ville de Neuilly au pied du quartier des affaires de la D\u00e9fense. Au 1er \u00e9tage avec ascenseur d&#8217;un immeuble moderne, le Soyer vous ouvre ses portes sur une surface de 84 m2 \u00e0 la d\u00e9coration moderne. Le s\u00e9jour dispose d&#8217;un balcon sur rue, d&#8217;un canap\u00e9 convertible confortable et\u00a0d&#8217;une TV avec Internet. Ind\u00e9pendante, la cuisine est enti\u00e8rement \u00e9quip\u00e9e avec une spacieuse table \u00e0 manger pour vous restaurer sur place en famille ou entre amis. Id\u00e9al pour 2 ou 4 personnes, une chambre double avec un balcon donnant sur jardin compl\u00e8te ce bien, ainsi qu&#8217;un grand dressing pour vos effets personnels et qu&#8217;une salle de douche.<\/p>\n<p><a href=\"http:\/\/www.myparisagency.com\/blog\/wp-content\/uploads\/2017\/10\/111.jpg\"><img loading=\"lazy\" class=\"aligncenter size-medium wp-image-2532\" alt=\"1\" src=\"http:\/\/www.myparisagency.com\/blog\/wp-content\/uploads\/2017\/10\/111-300x200.jpg\" width=\"300\" height=\"200\" srcset=\"https:\/\/www.myparisagency.com\/blog\/wp-content\/uploads\/2017\/10\/111-300x200.jpg 300w, https:\/\/www.myparisagency.com\/blog\/wp-content\/uploads\/2017\/10\/111.jpg 600w\" sizes=\"(max-width: 300px) 100vw, 300px\" \/><\/a><\/p>\n<p>Neuilly-Sur-Seine vous offre un emplacement recherch\u00e9 au pied du m\u00e9tro (ligne 1 &#8211; Pont de Neuilly). Profitez d&#8217;une ambiance de village avec son march\u00e9 et ses restaurants branch\u00e9s. Rendez-vous facilement vers les monuments parisiens de vos envies avec la ligne 1 du m\u00e9tro :\u00a0Champs Elys\u00e9es, l&#8217;Arc de Triomphe, Ch\u00e2telet, Palais Royal, le Louvre, les Tuileries, le Marais, H\u00f4tel de Ville, Nation ou encore\u00a0Vincennes. Pour vos rencontres professionnelles, le Centre des Affaires de la D\u00e9fense est accessible en quelques minutes.<\/p>\n<p><a href=\"http:\/\/www.myparisagency.com\/blog\/wp-content\/uploads\/2017\/10\/212.jpg\"><img loading=\"lazy\" class=\"aligncenter size-medium wp-image-2533\" alt=\"2\" src=\"http:\/\/www.myparisagency.com\/blog\/wp-content\/uploads\/2017\/10\/212-300x200.jpg\" width=\"300\" height=\"200\" srcset=\"https:\/\/www.myparisagency.com\/blog\/wp-content\/uploads\/2017\/10\/212-300x200.jpg 300w, https:\/\/www.myparisagency.com\/blog\/wp-content\/uploads\/2017\/10\/212.jpg 600w\" sizes=\"(max-width: 300px) 100vw, 300px\" \/><\/a><\/p>\n<table>\n<tbody>\n<tr>\n<td>Rendez-vous vite sur notre site Internet pour r\u00e9server votre appartement parisien :<a href=\"http:\/\/www.myparisagency.com\/fr\/appartements\/593\/soyer\" target=\"_blank\"><br \/>\nhttp:\/\/www.myparisagency.com\/fr\/appartements\/593\/soyer<\/a><\/td>\n<\/tr>\n<\/tbody>\n<\/table>\n","protected":false},"excerpt":{"rendered":"<p>Habillez-vous chic pour votre s\u00e9jour aux portes de Paris, dans la c\u00e9l\u00e8bre ville de Neuilly au pied du quartier des affaires de la D\u00e9fense. Au 1er \u00e9tage avec ascenseur d&#8217;un immeuble moderne, le Soyer vous ouvre ses portes sur une surface de 84 m2 \u00e0 la d\u00e9coration moderne. Le s\u00e9jour dispose d&#8217;un balcon sur rue,&hellip;<\/p>\n","protected":false},"author":2,"featured_media":0,"comment_status":"open","ping_status":"open","sticky":false,"template":"","format":"standard","meta":[],"categories":[5],"tags":[],"_links":{"self":[{"href":"https:\/\/www.myparisagency.com\/blog\/wp-json\/wp\/v2\/posts\/2531"}],"collection":[{"href":"https:\/\/www.myparisagency.com\/blog\/wp-json\/wp\/v2\/posts"}],"about":[{"href":"https:\/\/www.myparisagency.com\/blog\/wp-json\/wp\/v2\/types\/post"}],"author":[{"embeddable":true,"href":"https:\/\/www.myparisagency.com\/blog\/wp-json\/wp\/v2\/users\/2"}],"replies":[{"embeddable":true,"href":"https:\/\/www.myparisagency.com\/blog\/wp-json\/wp\/v2\/comments?post=2531"}],"version-history":[{"count":1,"href":"https:\/\/www.myparisagency.com\/blog\/wp-json\/wp\/v2\/posts\/2531\/revisions"}],"predecessor-version":[{"id":2534,"href":"https:\/\/www.myparisagency.com\/blog\/wp-json\/wp\/v2\/posts\/2531\/revisions\/2534"}],"wp:attachment":[{"href":"https:\/\/www.myparisagency.com\/blog\/wp-json\/wp\/v2\/media?parent=2531"}],"wp:term":[{"taxonomy":"category","embeddable":true,"href":"https:\/\/www.myparisagency.com\/blog\/wp-json\/wp\/v2\/categories?post=2531"},{"taxonomy":"post_tag","embeddable":true,"href":"https:\/\/www.myparisagency.com\/blog\/wp-json\/wp\/v2\/tags?post=2531"}],"curies":[{"name":"wp","href":"https:\/\/api.w.org\/{rel}","templated":true}]}}