{"id":2516,"date":"2017-09-29T16:17:01","date_gmt":"2017-09-29T15:17:01","guid":{"rendered":"http:\/\/www.myparisagency.com\/blog\/?p=2516"},"modified":"2017-10-17T16:19:01","modified_gmt":"2017-10-17T15:19:01","slug":"sky-light","status":"publish","type":"post","link":"https:\/\/www.myparisagency.com\/blog\/fr\/2017\/09\/29\/sky-light","title":{"rendered":"Sky Light"},"content":{"rendered":"<p>Envolez-vous au 6\u00e8me \u00e9tage avec ascenseur d&#8217;un immeuble moderne rue de Montreuil dans le 11\u00e8me arrondissement pour d\u00e9couvrir ce duplex de standing aux tons blancs \u00e9pur\u00e9s. D&#8217;une surface de 80 m2, le Sky Light s&#8217;ouvre sur une belle entr\u00e9e avec cuisine ind\u00e9pendante enti\u00e8rement \u00e9quip\u00e9e pour vous restaurer sur place et WC s\u00e9par\u00e9s. Un \u00e9tage est \u00e0 monter \u00e0 pied (quelques marches) pour acc\u00e9der \u00e0 la pi\u00e8ce \u00e0 vivre spacieuse et lumineuse. Le s\u00e9jour vous offre un espace de d\u00e9tente appr\u00e9ci\u00e9 apr\u00e8s une journ\u00e9e de rendez-vous professionnels ou de visites touristiques. La TV dispose d&#8217;Internet en wifi. V\u00e9ritable havre de paix, ce bien s&#8217;ouvre sur une belle terrasse arbor\u00e9e avec vue sur les toits de Paris et une exposition plein Sud. Id\u00e9al pour 2 personnes, la chambre double d\u00e9voile un cocon confortable avec baignoire modulable et double vasque pour garantir une intimit\u00e9 parfaite aux occupants. Un parking compl\u00e8te ce bien.<\/p>\n<p><a href=\"http:\/\/www.myparisagency.com\/blog\/wp-content\/uploads\/2017\/10\/18.jpg\"><img loading=\"lazy\" class=\"aligncenter size-medium wp-image-2517\" alt=\"1\" src=\"http:\/\/www.myparisagency.com\/blog\/wp-content\/uploads\/2017\/10\/18-300x200.jpg\" width=\"300\" height=\"200\" srcset=\"https:\/\/www.myparisagency.com\/blog\/wp-content\/uploads\/2017\/10\/18-300x200.jpg 300w, https:\/\/www.myparisagency.com\/blog\/wp-content\/uploads\/2017\/10\/18.jpg 600w\" sizes=\"(max-width: 300px) 100vw, 300px\" \/><\/a><\/p>\n<p>My Paris Agency est une agence immobili\u00e8re sp\u00e9cialis\u00e9e dans la location meubl\u00e9e d&#8217;appartements \u00e0 Paris. Notre volont\u00e9 est de vous cr\u00e9er une v\u00e9ritable alternative \u00e0 l\u2019h\u00f4tel avec un appartement \u00e9quip\u00e9 et confortable \u00e0 Paris, pour un tarif avantageux. De passage dans la capitale pour un week-end, une semaine ou un mois, louez votre appartement parisien pour vous sentir pleinement chez vous pour un s\u00e9jour en famille ou vos rendez-vous professionnels sur Paris.<\/p>\n<p><a href=\"http:\/\/www.myparisagency.com\/blog\/wp-content\/uploads\/2017\/10\/28.jpg\"><img loading=\"lazy\" class=\"aligncenter size-medium wp-image-2518\" alt=\"2\" src=\"http:\/\/www.myparisagency.com\/blog\/wp-content\/uploads\/2017\/10\/28-300x200.jpg\" width=\"300\" height=\"200\" srcset=\"https:\/\/www.myparisagency.com\/blog\/wp-content\/uploads\/2017\/10\/28-300x200.jpg 300w, https:\/\/www.myparisagency.com\/blog\/wp-content\/uploads\/2017\/10\/28.jpg 600w\" sizes=\"(max-width: 300px) 100vw, 300px\" \/><\/a><\/p>\n<p>Le quartier de Bastille et Nation saura vous s\u00e9duire avec sa place anim\u00e9e, ses bistrots de quartier et ses bars branch\u00e9s. D\u00e9couvrez les rues Oberkampf, de Charonne et celle de la Roquette pour vous rendre vers la rue du Faubourg St Antoine avec ses nombreux passages \u00e9troits et ses cours int\u00e9rieures. Promenez-vous vers R\u00e9publique, le Canal Saint Martin, le Cirque d&#8217;Hiver, le Mus\u00e9e Edith Piaf&#8230; Parfaitement desservi par les transports en commun (Faidherbe Chaligny, ligne 8 ou ligne de m\u00e9tro 1, 2 6 et 9 et RER A \u00e0 Nation) rejoignez les quartiers parisiens en toute facilit\u00e9.<\/p>\n<p style=\"text-align: center\">Rendez-vous vite sur notre site Internet pour r\u00e9server votre appartement parisien :\u00a0<a href=\"http:\/\/www.myparisagency.com\/fr\/appartements\/572\/sky-light\" target=\"_blank\">http:\/\/www.myparisagency.com\/fr\/appartements\/572\/sky-light<\/a><\/p>\n","protected":false},"excerpt":{"rendered":"<p>Envolez-vous au 6\u00e8me \u00e9tage avec ascenseur d&#8217;un immeuble moderne rue de Montreuil dans le 11\u00e8me arrondissement pour d\u00e9couvrir ce duplex de standing aux tons blancs \u00e9pur\u00e9s. D&#8217;une surface de 80 m2, le Sky Light s&#8217;ouvre sur une belle entr\u00e9e avec cuisine ind\u00e9pendante enti\u00e8rement \u00e9quip\u00e9e pour vous restaurer sur place et WC s\u00e9par\u00e9s. Un \u00e9tage est&hellip;<\/p>\n","protected":false},"author":2,"featured_media":0,"comment_status":"open","ping_status":"open","sticky":false,"template":"","format":"standard","meta":[],"categories":[5],"tags":[],"_links":{"self":[{"href":"https:\/\/www.myparisagency.com\/blog\/wp-json\/wp\/v2\/posts\/2516"}],"collection":[{"href":"https:\/\/www.myparisagency.com\/blog\/wp-json\/wp\/v2\/posts"}],"about":[{"href":"https:\/\/www.myparisagency.com\/blog\/wp-json\/wp\/v2\/types\/post"}],"author":[{"embeddable":true,"href":"https:\/\/www.myparisagency.com\/blog\/wp-json\/wp\/v2\/users\/2"}],"replies":[{"embeddable":true,"href":"https:\/\/www.myparisagency.com\/blog\/wp-json\/wp\/v2\/comments?post=2516"}],"version-history":[{"count":2,"href":"https:\/\/www.myparisagency.com\/blog\/wp-json\/wp\/v2\/posts\/2516\/revisions"}],"predecessor-version":[{"id":2520,"href":"https:\/\/www.myparisagency.com\/blog\/wp-json\/wp\/v2\/posts\/2516\/revisions\/2520"}],"wp:attachment":[{"href":"https:\/\/www.myparisagency.com\/blog\/wp-json\/wp\/v2\/media?parent=2516"}],"wp:term":[{"taxonomy":"category","embeddable":true,"href":"https:\/\/www.myparisagency.com\/blog\/wp-json\/wp\/v2\/categories?post=2516"},{"taxonomy":"post_tag","embeddable":true,"href":"https:\/\/www.myparisagency.com\/blog\/wp-json\/wp\/v2\/tags?post=2516"}],"curies":[{"name":"wp","href":"https:\/\/api.w.org\/{rel}","templated":true}]}}