{"id":2223,"date":"2016-04-28T16:08:50","date_gmt":"2016-04-28T15:08:50","guid":{"rendered":"http:\/\/www.myparisagency.com\/blog\/?p=2223"},"modified":"2019-07-23T11:17:40","modified_gmt":"2019-07-23T10:17:40","slug":"foire-de-paris","status":"publish","type":"post","link":"https:\/\/www.myparisagency.com\/blog\/fr\/2016\/04\/28\/foire-de-paris","title":{"rendered":"Foire de Paris"},"content":{"rendered":"<p>Elle revient : la Foire de Paris ! Un \u00e9v\u00e8nement incontournable de la capitale, v\u00e9ritable caverne d&#8217;Ali Baba \u00e0 ciel ouvert. Ev\u00e9nement business du printemps, cette ann\u00e9e, place \u00e0 l&#8217;innovation pour la Foire de Paris qui aura lieu du 29 avril au 8 mai 2016 au Palais des Expositions de la Porte de Versailles.<\/p>\n<p>L\u2019objectif cette ann\u00e9e : que chacun des 550 000 visiteurs puisse, pendant 10 jours, vivre une exp\u00e9rience shopping personnalis\u00e9e, concevoir son propre parcours de l\u2019innovation et trouver ce qui lui correspond aupr\u00e8s des 3 500 marques pr\u00e9sentes. Au programme, le Grand Prix de l\u2019Innovation, le nouveau Hub des Services, le\u00a0Maker Faire Paris, le tout sous 3 p\u00f4les : Gourmand, Shopping et Maison. Pour sa 112\u00e8me \u00e9dition, la Foire de Paris nous en mets plein les yeux !<\/p>\n<p>N&#8217;oubliez pas de louer votre appartement parisien dans le 15\u00e8me arrondissement \u00e0 c\u00f4t\u00e9 de la Porte de Versailles pour assister \u00e0 la Foire de Paris : <a title=\"MyParisAgency\" href=\"http:\/\/www.myparisagency.com\/\">www.myparisagency.com<\/a><\/p>\n","protected":false},"excerpt":{"rendered":"<p>Elle revient : la Foire de Paris ! Un \u00e9v\u00e8nement incontournable de la capitale, v\u00e9ritable caverne d&#8217;Ali Baba \u00e0 ciel ouvert. Ev\u00e9nement business du printemps, cette ann\u00e9e, place \u00e0 l&#8217;innovation pour la Foire de Paris qui aura lieu du 29 avril au 8 mai 2016 au Palais des Expositions de la Porte de Versailles. L\u2019objectif&hellip;<\/p>\n","protected":false},"author":2,"featured_media":0,"comment_status":"open","ping_status":"open","sticky":false,"template":"","format":"standard","meta":[],"categories":[6],"tags":[],"_links":{"self":[{"href":"https:\/\/www.myparisagency.com\/blog\/wp-json\/wp\/v2\/posts\/2223"}],"collection":[{"href":"https:\/\/www.myparisagency.com\/blog\/wp-json\/wp\/v2\/posts"}],"about":[{"href":"https:\/\/www.myparisagency.com\/blog\/wp-json\/wp\/v2\/types\/post"}],"author":[{"embeddable":true,"href":"https:\/\/www.myparisagency.com\/blog\/wp-json\/wp\/v2\/users\/2"}],"replies":[{"embeddable":true,"href":"https:\/\/www.myparisagency.com\/blog\/wp-json\/wp\/v2\/comments?post=2223"}],"version-history":[{"count":4,"href":"https:\/\/www.myparisagency.com\/blog\/wp-json\/wp\/v2\/posts\/2223\/revisions"}],"predecessor-version":[{"id":2945,"href":"https:\/\/www.myparisagency.com\/blog\/wp-json\/wp\/v2\/posts\/2223\/revisions\/2945"}],"wp:attachment":[{"href":"https:\/\/www.myparisagency.com\/blog\/wp-json\/wp\/v2\/media?parent=2223"}],"wp:term":[{"taxonomy":"category","embeddable":true,"href":"https:\/\/www.myparisagency.com\/blog\/wp-json\/wp\/v2\/categories?post=2223"},{"taxonomy":"post_tag","embeddable":true,"href":"https:\/\/www.myparisagency.com\/blog\/wp-json\/wp\/v2\/tags?post=2223"}],"curies":[{"name":"wp","href":"https:\/\/api.w.org\/{rel}","templated":true}]}}