{"id":2195,"date":"2016-03-30T14:21:50","date_gmt":"2016-03-30T13:21:50","guid":{"rendered":"http:\/\/www.myparisagency.com\/blog\/?p=2195"},"modified":"2016-04-07T14:42:18","modified_gmt":"2016-04-07T13:42:18","slug":"beaugrenelle","status":"publish","type":"post","link":"https:\/\/www.myparisagency.com\/blog\/fr\/2016\/03\/30\/beaugrenelle","title":{"rendered":"Beaugrenelle"},"content":{"rendered":"<p>Envolez-vous au 23\u00e8me \u00e9tage avec ascenseur d&#8217;un immeuble moderne et s\u00e9curis\u00e9 rue de Javel dans le quartier recherch\u00e9 de Beaugrenelle. Optez pour une situation de choix en face de la Seine, au coeur du 15\u00e8me arrondissement de Paris pour d\u00e9couvrir ce bien de 2 pi\u00e8ces \u00e9l\u00e9gant et moderne.<\/p>\n<p><a href=\"http:\/\/www.myparisagency.com\/blog\/wp-content\/uploads\/2016\/04\/11.jpg\"><img loading=\"lazy\" class=\"aligncenter size-medium wp-image-2196\" alt=\"1\" src=\"http:\/\/www.myparisagency.com\/blog\/wp-content\/uploads\/2016\/04\/11-300x200.jpg\" width=\"300\" height=\"200\" srcset=\"https:\/\/www.myparisagency.com\/blog\/wp-content\/uploads\/2016\/04\/11-300x200.jpg 300w, https:\/\/www.myparisagency.com\/blog\/wp-content\/uploads\/2016\/04\/11.jpg 600w\" sizes=\"(max-width: 300px) 100vw, 300px\" \/><\/a><\/p>\n<p>D&#8217;une surface 85 m2, le Beaugrenelle s&#8217;ouvre sur une spacieuse pi\u00e8ce \u00e0 vivre alliant parfaitement le moderne \u00e0 l&#8217;ancien. L&#8217;espace salon dispose de canap\u00e9s confortables pour vous reposer apr\u00e8s une journ\u00e9e de visites ou de rendez-vous professionnels. Construite \u00e0 l&#8217;am\u00e9ricaine, la cuisine est enti\u00e8rement \u00e9quip\u00e9e pour vous restaurer sur place et recevoir vos amis avec une grande table \u00e0 manger conviviale.\u00a0Id\u00e9al pour 2 personnes, une spacieuse chambre double avec sa propre TV compl\u00e8te ce bien ainsi qu&#8217;une salle de douche moderne de type pluie tropicale avec WC s\u00e9par\u00e9s.<\/p>\n<p><a href=\"http:\/\/www.myparisagency.com\/blog\/wp-content\/uploads\/2016\/04\/2.jpg\"><img loading=\"lazy\" class=\"aligncenter size-medium wp-image-2197\" alt=\"2\" src=\"http:\/\/www.myparisagency.com\/blog\/wp-content\/uploads\/2016\/04\/2-300x200.jpg\" width=\"300\" height=\"200\" srcset=\"https:\/\/www.myparisagency.com\/blog\/wp-content\/uploads\/2016\/04\/2-300x200.jpg 300w, https:\/\/www.myparisagency.com\/blog\/wp-content\/uploads\/2016\/04\/2.jpg 600w\" sizes=\"(max-width: 300px) 100vw, 300px\" \/><\/a><\/p>\n<p>Familial et chaleureux, le 15\u00e8me arrondissement comprend le plus grand nombre d&#8217;espace vert de la capitale : le c\u00e9l\u00e8bre Champ de Mars avec la Tour Eiffel mais aussi le Parc Andr\u00e9 Citro\u00ebn et sa montgolfi\u00e8re. Rendez-vous \u00e0 pied vers de nombreux lieux embl\u00e9matiques de la capitale :\u00a0la Tour Montparnasse, la rue de Rennes et ses commerces, La Motte-Picquet, Charles Michel et ses restaurants de quartier, la rue du Commerce et sa partie pi\u00e9tonne. Acc\u00e9dez \u00e9galement au 7\u00e8me arrondissement et d\u00e9couvrez \u00e9galement les Invalides ou encore\u00a0Ecole Militaire \u00e0 deux pas d&#8217;Alma Marceau. Au pied du m\u00e9tro Javel (ligne 10 et RER C) et de nombreuses lignes de bus,\u00a0rejoignez facilement les quartiers parisiens de vos envies.<\/p>\n<p style=\"text-align: center\"><strong>R\u00e9servez vite votre appartement parisien sur notre site Internet :\u00a0<\/strong><\/p>\n<table>\n<tbody>\n<tr>\n<td style=\"text-align: center\"><a href=\"http:\/\/www.lagencedeparis.com\/fr\/biens-immobiliers\/467\/le-beaugrenelle\" target=\"_blank\"><br \/>\nhttp:\/\/www.lagencedeparis.com\/fr\/biens-immobiliers\/467\/le-beaugrenelle<\/a><\/td>\n<\/tr>\n<\/tbody>\n<\/table>\n","protected":false},"excerpt":{"rendered":"<p>Envolez-vous au 23\u00e8me \u00e9tage avec ascenseur d&#8217;un immeuble moderne et s\u00e9curis\u00e9 rue de Javel dans le quartier recherch\u00e9 de Beaugrenelle. Optez pour une situation de choix en face de la Seine, au coeur du 15\u00e8me arrondissement de Paris pour d\u00e9couvrir ce bien de 2 pi\u00e8ces \u00e9l\u00e9gant et moderne. D&#8217;une surface 85 m2, le Beaugrenelle s&#8217;ouvre&hellip;<\/p>\n","protected":false},"author":2,"featured_media":0,"comment_status":"open","ping_status":"open","sticky":false,"template":"","format":"standard","meta":[],"categories":[5],"tags":[],"_links":{"self":[{"href":"https:\/\/www.myparisagency.com\/blog\/wp-json\/wp\/v2\/posts\/2195"}],"collection":[{"href":"https:\/\/www.myparisagency.com\/blog\/wp-json\/wp\/v2\/posts"}],"about":[{"href":"https:\/\/www.myparisagency.com\/blog\/wp-json\/wp\/v2\/types\/post"}],"author":[{"embeddable":true,"href":"https:\/\/www.myparisagency.com\/blog\/wp-json\/wp\/v2\/users\/2"}],"replies":[{"embeddable":true,"href":"https:\/\/www.myparisagency.com\/blog\/wp-json\/wp\/v2\/comments?post=2195"}],"version-history":[{"count":1,"href":"https:\/\/www.myparisagency.com\/blog\/wp-json\/wp\/v2\/posts\/2195\/revisions"}],"predecessor-version":[{"id":2198,"href":"https:\/\/www.myparisagency.com\/blog\/wp-json\/wp\/v2\/posts\/2195\/revisions\/2198"}],"wp:attachment":[{"href":"https:\/\/www.myparisagency.com\/blog\/wp-json\/wp\/v2\/media?parent=2195"}],"wp:term":[{"taxonomy":"category","embeddable":true,"href":"https:\/\/www.myparisagency.com\/blog\/wp-json\/wp\/v2\/categories?post=2195"},{"taxonomy":"post_tag","embeddable":true,"href":"https:\/\/www.myparisagency.com\/blog\/wp-json\/wp\/v2\/tags?post=2195"}],"curies":[{"name":"wp","href":"https:\/\/api.w.org\/{rel}","templated":true}]}}