{"id":2185,"date":"2016-03-17T17:20:06","date_gmt":"2016-03-17T16:20:06","guid":{"rendered":"http:\/\/www.myparisagency.com\/blog\/?p=2185"},"modified":"2016-03-03T17:30:19","modified_gmt":"2016-03-03T16:30:19","slug":"le-cevennes","status":"publish","type":"post","link":"https:\/\/www.myparisagency.com\/blog\/fr\/2016\/03\/17\/le-cevennes","title":{"rendered":"Le Cevennes"},"content":{"rendered":"<p>A Paris en famille dans ce bel appartement de 3 pi\u00e8ces \u00e0 la d\u00e9coration moderne avec terrasse am\u00e9nag\u00e9e et vue Tour Eiffel. Au 4\u00e8me \u00e9tage d&#8217;un immeuble moderne rue des Cevennes, profitez d&#8217;un emplacement recherch\u00e9 dans le 15\u00e8me arrondissement de Paris.<\/p>\n<p><a href=\"http:\/\/www.myparisagency.com\/blog\/wp-content\/uploads\/2016\/03\/1.jpg\"><img loading=\"lazy\" class=\"aligncenter size-medium wp-image-2186\" alt=\"1\" src=\"http:\/\/www.myparisagency.com\/blog\/wp-content\/uploads\/2016\/03\/1-300x200.jpg\" width=\"300\" height=\"200\" srcset=\"https:\/\/www.myparisagency.com\/blog\/wp-content\/uploads\/2016\/03\/1-300x200.jpg 300w, https:\/\/www.myparisagency.com\/blog\/wp-content\/uploads\/2016\/03\/1.jpg 600w\" sizes=\"(max-width: 300px) 100vw, 300px\" \/><\/a><\/p>\n<p>D&#8217;une surface de 55 m2, le Cevennes s&#8217;ouvre sur un s\u00e9jour lumineux avec canap\u00e9 convertible en face d&#8217;une TV \u00e0 \u00e9cran plat avec Internet en wifi. La cuisine aux tons rouges est enti\u00e8rement \u00e9quip\u00e9e pour vous restaurer sur place autour de la table \u00e0 manger confortable. Id\u00e9al pour le s\u00e9jour de 4 \u00e0 6 personnes, ce bien dispose de deux chambres doubles : la premi\u00e8re avec lit gigogne modulable en lit simple ou double selon vos besoins, et la seconde avec lit double et rangement pour vos effets personnels. La salle de bains se compose d&#8217;une baignoire et d&#8217;une machine \u00e0 laver avec WC s\u00e9par\u00e9s pour garantir une intimit\u00e9 parfaite aux occupants.<\/p>\n<p><a href=\"http:\/\/www.myparisagency.com\/blog\/wp-content\/uploads\/2016\/03\/2.jpg\"><img loading=\"lazy\" class=\"aligncenter size-medium wp-image-2187\" alt=\"2\" src=\"http:\/\/www.myparisagency.com\/blog\/wp-content\/uploads\/2016\/03\/2-300x200.jpg\" width=\"300\" height=\"200\" srcset=\"https:\/\/www.myparisagency.com\/blog\/wp-content\/uploads\/2016\/03\/2-300x200.jpg 300w, https:\/\/www.myparisagency.com\/blog\/wp-content\/uploads\/2016\/03\/2.jpg 600w\" sizes=\"(max-width: 300px) 100vw, 300px\" \/><\/a><\/p>\n<p>Le 15\u00e8me arrondissement saura vous s\u00e9duire avec de nombreux lieux \u00e0 d\u00e9couvrir : le Parc Andr\u00e9 Citro\u00ebn et sa Montgolfi\u00e8re, le Champ de Mars et sa Tour Eiffel, les Tours de Beaugrenelle et son centre commercial, Montparnasse et son quartier d&#8217;affaires avec la Tour et la gare et de nombreux commerces de proximit\u00e9 pour vous sentir pleinement chez vous. Gr\u00e2ce aux transports en communs pr\u00e9sents proximit\u00e9 de l&#8217;appartement (bus et m\u00e9tro) rejoignez les quartiers parisiens de vos envies en toute facilit\u00e9.<\/p>\n<p style=\"text-align: center\">Rendez-vous vite sur notre site Internet pour r\u00e9server votre appartement parisien :\u00a0<a href=\"http:\/\/www.myparisagency.com\/fr\/appartements\/463\/le-cevennes\" target=\"_blank\">http:\/\/www.myparisagency.com\/fr\/appartements\/463\/le-cevennes<\/a><\/p>\n","protected":false},"excerpt":{"rendered":"<p>A Paris en famille dans ce bel appartement de 3 pi\u00e8ces \u00e0 la d\u00e9coration moderne avec terrasse am\u00e9nag\u00e9e et vue Tour Eiffel. Au 4\u00e8me \u00e9tage d&#8217;un immeuble moderne rue des Cevennes, profitez d&#8217;un emplacement recherch\u00e9 dans le 15\u00e8me arrondissement de Paris. D&#8217;une surface de 55 m2, le Cevennes s&#8217;ouvre sur un s\u00e9jour lumineux avec canap\u00e9&hellip;<\/p>\n","protected":false},"author":2,"featured_media":0,"comment_status":"open","ping_status":"open","sticky":false,"template":"","format":"standard","meta":[],"categories":[5],"tags":[],"_links":{"self":[{"href":"https:\/\/www.myparisagency.com\/blog\/wp-json\/wp\/v2\/posts\/2185"}],"collection":[{"href":"https:\/\/www.myparisagency.com\/blog\/wp-json\/wp\/v2\/posts"}],"about":[{"href":"https:\/\/www.myparisagency.com\/blog\/wp-json\/wp\/v2\/types\/post"}],"author":[{"embeddable":true,"href":"https:\/\/www.myparisagency.com\/blog\/wp-json\/wp\/v2\/users\/2"}],"replies":[{"embeddable":true,"href":"https:\/\/www.myparisagency.com\/blog\/wp-json\/wp\/v2\/comments?post=2185"}],"version-history":[{"count":1,"href":"https:\/\/www.myparisagency.com\/blog\/wp-json\/wp\/v2\/posts\/2185\/revisions"}],"predecessor-version":[{"id":2188,"href":"https:\/\/www.myparisagency.com\/blog\/wp-json\/wp\/v2\/posts\/2185\/revisions\/2188"}],"wp:attachment":[{"href":"https:\/\/www.myparisagency.com\/blog\/wp-json\/wp\/v2\/media?parent=2185"}],"wp:term":[{"taxonomy":"category","embeddable":true,"href":"https:\/\/www.myparisagency.com\/blog\/wp-json\/wp\/v2\/categories?post=2185"},{"taxonomy":"post_tag","embeddable":true,"href":"https:\/\/www.myparisagency.com\/blog\/wp-json\/wp\/v2\/tags?post=2185"}],"curies":[{"name":"wp","href":"https:\/\/api.w.org\/{rel}","templated":true}]}}