{"id":2112,"date":"2015-12-23T19:53:29","date_gmt":"2015-12-23T18:53:29","guid":{"rendered":"http:\/\/www.myparisagency.com\/blog\/?p=2112"},"modified":"2019-07-23T11:20:06","modified_gmt":"2019-07-23T10:20:06","slug":"noel-a-paris","status":"publish","type":"post","link":"https:\/\/www.myparisagency.com\/blog\/fr\/2015\/12\/23\/noel-a-paris","title":{"rendered":"No\u00ebl \u00e0 Paris"},"content":{"rendered":"<p>Chaque ann\u00e9e, la ville de Paris rev\u00eat ses habits de lumi\u00e8re pour proposer une programmation toujours plus festive pendant les f\u00eates de No\u00ebl.\u00a0March\u00e9s, man\u00e8ges, illuminations, Grande Roue, patinoires &#8230; Laissez-vous envahir par la magie de No\u00ebl.<\/p>\n<p>Le plus difficile sera de choisir le march\u00e9 de No\u00ebl de vos envies :<\/p>\n<ul>\n<li>March\u00e9 de No\u00ebl Notre Dame (5e) : du samedi 12 au mercredi 23 d\u00e9cembre 2015.\u00a0Tous les jours de 10h \u00e0 20h sauf les vendredis, samedis et dimanches jusqu&#8217;\u00e0 21h.\u00a0Boulevard Saint-Michel et Saint-Germain.<\/li>\n<li>Le March\u00e9 de No\u00ebl de La Grande Epicerie de Paris (7e) qui\u00a0mettra \u00e0 l\u2019honneur le savoir-faire de ses artisans avec terrasse chauff\u00e9e, du mardi 10 novembre au mardi 5\u00a0 janvier 2016 de 8h30 \u00e0 21h.<\/li>\n<li>Le March\u00e9 de\u00a0No\u00ebl des Champs-Elys\u00e9es (8e) : cr\u00eapes et vin chaud, chichis et produits r\u00e9gionaux, du dimanche 15 novembre au lundi 4 janvier 2016. Tous les jours de 12h \u00e0 minuit sauf vendredi et samedi jusqu\u2019\u00e0 1h\u00a0et du vendredi 13 novembre 2015 au dimanche 3 janvier 2016.<\/li>\n<li>March\u00e9 de No\u00ebl Alsacien (10e) sur\u00a0le parvis de la Gare de l\u2019Est avec toutes les gourmandises alsaciennes\u00a0: bretzels, pains d\u2019\u00e9pices, petits g\u00e2teaux, chocolats, p\u00e2tes fra\u00eeches, foies gras, vins, eau-de-vie, charcuterie&#8230;\u00a0Du jeudi 3 au vendredi 18 d\u00e9cembre 2015, du lundi au samedi de 9h \u00e0 20h. Le dimanche de 10h \u00e0 19h et le 18 d\u00e9cembre de 9h \u00e0 18h.<\/li>\n<li>Les F\u00e9\u00e9ries d&#8217;Auteuil\u00a0(16e) : les Apprentis d&#8217;Auteuil vous attendent \u00e0 nouveau cette ann\u00e9e pour vous offrir march\u00e9 de No\u00ebl mais aussi brocante, bonnes affaires, animations et concerts. Un rendez-vous des plus festif et solidaire.\u00a0Du samedi 5 au dimanche 13 d\u00e9cembre 2015. De 11h \u00e0 19h.<\/li>\n<li><em>Retrouvez tous les march\u00e9s de No\u00ebl sur\u00a0http:\/\/quefaire.paris.fr\/fiche\/72481_marches_de_noel<\/em><\/li>\n<\/ul>\n<p>Prenez \u00e9galement de la hauteur sur la Grande Roue de la Concorde ou encore vivez les illuminations des Champs Elys\u00e9es !<\/p>\n<p style=\"text-align: center\"><strong>N&#8217;oubliez pas de louer votre appartement parisien pour les f\u00eates sur<\/strong>\u00a0<a title=\"MyParisAgency\" href=\"http:\/\/www.myparisagency.com\/\">www.myparisagency.com<\/a>\u00a0 \u00a0 \u00a0 \u00a0 \u00a0 \u00a0 \u00a0 \u00a0 \u00a0 \u00a0\u00a0et\/ou par t\u00e9l\u00e9phone au <strong>01 45 48 88 60<\/strong><\/p>\n","protected":false},"excerpt":{"rendered":"<p>Chaque ann\u00e9e, la ville de Paris rev\u00eat ses habits de lumi\u00e8re pour proposer une programmation toujours plus festive pendant les f\u00eates de No\u00ebl.\u00a0March\u00e9s, man\u00e8ges, illuminations, Grande Roue, patinoires &#8230; Laissez-vous envahir par la magie de No\u00ebl. Le plus difficile sera de choisir le march\u00e9 de No\u00ebl de vos envies : March\u00e9 de No\u00ebl Notre Dame&hellip;<\/p>\n","protected":false},"author":2,"featured_media":0,"comment_status":"open","ping_status":"open","sticky":false,"template":"","format":"standard","meta":[],"categories":[6],"tags":[],"_links":{"self":[{"href":"https:\/\/www.myparisagency.com\/blog\/wp-json\/wp\/v2\/posts\/2112"}],"collection":[{"href":"https:\/\/www.myparisagency.com\/blog\/wp-json\/wp\/v2\/posts"}],"about":[{"href":"https:\/\/www.myparisagency.com\/blog\/wp-json\/wp\/v2\/types\/post"}],"author":[{"embeddable":true,"href":"https:\/\/www.myparisagency.com\/blog\/wp-json\/wp\/v2\/users\/2"}],"replies":[{"embeddable":true,"href":"https:\/\/www.myparisagency.com\/blog\/wp-json\/wp\/v2\/comments?post=2112"}],"version-history":[{"count":3,"href":"https:\/\/www.myparisagency.com\/blog\/wp-json\/wp\/v2\/posts\/2112\/revisions"}],"predecessor-version":[{"id":2957,"href":"https:\/\/www.myparisagency.com\/blog\/wp-json\/wp\/v2\/posts\/2112\/revisions\/2957"}],"wp:attachment":[{"href":"https:\/\/www.myparisagency.com\/blog\/wp-json\/wp\/v2\/media?parent=2112"}],"wp:term":[{"taxonomy":"category","embeddable":true,"href":"https:\/\/www.myparisagency.com\/blog\/wp-json\/wp\/v2\/categories?post=2112"},{"taxonomy":"post_tag","embeddable":true,"href":"https:\/\/www.myparisagency.com\/blog\/wp-json\/wp\/v2\/tags?post=2112"}],"curies":[{"name":"wp","href":"https:\/\/api.w.org\/{rel}","templated":true}]}}