{"id":2101,"date":"2015-12-10T19:26:24","date_gmt":"2015-12-10T18:26:24","guid":{"rendered":"http:\/\/www.myparisagency.com\/blog\/?p=2101"},"modified":"2019-07-23T11:20:10","modified_gmt":"2019-07-23T10:20:10","slug":"pop-into-berlin","status":"publish","type":"post","link":"https:\/\/www.myparisagency.com\/blog\/fr\/2015\/12\/10\/pop-into-berlin","title":{"rendered":"Pop into Berlin"},"content":{"rendered":"<p>Il n&#8217;est pas trop tard : jusqu&#8217;au 12 d\u00e9cembre 2015, la capitale allemande s&#8217;invite \u00e0 Paris. Entre objets tendances et gastronomie, les tr\u00e9sors de la vie berlinoise s&#8217;ouvrent \u00e0 vous sous le signe de No\u00ebl.<\/p>\n<p>Apr\u00e8s Stockholm, Londres, Vienne et Amsterdam, Berlin s\u2019invite \u00e0 Paris avec un pop-up store dans le quartier de Beaubourg. Venez faire votre shopping de No\u00ebl parmi les produits berlinois les plus in du moment comme les lunettes \u00ab Ic ! berlin \u00bb en feuilles de m\u00e9tal, les cosm\u00e9tiques naturels et biologiques \u00ab Und Gretel \u00bb, les parfums \u00ab Frau Tonis \u00bb, les v\u00e9los urbains chics \u00ab Standert \u00bb, la mythique figurine des feux pi\u00e9tons \u00ab Ampelmann \u00bb et bien entendu la bi\u00e8re berlinoise \u00ab Brlo \u00bb ainsi que\u00a0la boisson chaude\u00a0<i>Berliner Winter<\/i>, m\u00e9lange de vodka, jus de pommes et \u00e9pices !<\/p>\n<p style=\"text-align: center\">N&#8217;oubliez pas de louer votre appartement parisien pour assister \u00e0 cet \u00e9v\u00e8nement sur\u00a0<a title=\"MyParisAgency\" href=\"http:\/\/www.myparisagency.com\/\"><strong>http:\/\/www.myparisagency.com\/<\/strong><\/a><\/p>\n<p>http:\/\/www.parisbouge.com\/mag\/articles\/pop-into-berlin-la-capitale-allemande-sinvite-a-paris-en-decembre-2554<\/p>\n","protected":false},"excerpt":{"rendered":"<p>Il n&#8217;est pas trop tard : jusqu&#8217;au 12 d\u00e9cembre 2015, la capitale allemande s&#8217;invite \u00e0 Paris. Entre objets tendances et gastronomie, les tr\u00e9sors de la vie berlinoise s&#8217;ouvrent \u00e0 vous sous le signe de No\u00ebl. Apr\u00e8s Stockholm, Londres, Vienne et Amsterdam, Berlin s\u2019invite \u00e0 Paris avec un pop-up store dans le quartier de Beaubourg. Venez&hellip;<\/p>\n","protected":false},"author":2,"featured_media":0,"comment_status":"open","ping_status":"open","sticky":false,"template":"","format":"standard","meta":[],"categories":[8],"tags":[],"_links":{"self":[{"href":"https:\/\/www.myparisagency.com\/blog\/wp-json\/wp\/v2\/posts\/2101"}],"collection":[{"href":"https:\/\/www.myparisagency.com\/blog\/wp-json\/wp\/v2\/posts"}],"about":[{"href":"https:\/\/www.myparisagency.com\/blog\/wp-json\/wp\/v2\/types\/post"}],"author":[{"embeddable":true,"href":"https:\/\/www.myparisagency.com\/blog\/wp-json\/wp\/v2\/users\/2"}],"replies":[{"embeddable":true,"href":"https:\/\/www.myparisagency.com\/blog\/wp-json\/wp\/v2\/comments?post=2101"}],"version-history":[{"count":3,"href":"https:\/\/www.myparisagency.com\/blog\/wp-json\/wp\/v2\/posts\/2101\/revisions"}],"predecessor-version":[{"id":2958,"href":"https:\/\/www.myparisagency.com\/blog\/wp-json\/wp\/v2\/posts\/2101\/revisions\/2958"}],"wp:attachment":[{"href":"https:\/\/www.myparisagency.com\/blog\/wp-json\/wp\/v2\/media?parent=2101"}],"wp:term":[{"taxonomy":"category","embeddable":true,"href":"https:\/\/www.myparisagency.com\/blog\/wp-json\/wp\/v2\/categories?post=2101"},{"taxonomy":"post_tag","embeddable":true,"href":"https:\/\/www.myparisagency.com\/blog\/wp-json\/wp\/v2\/tags?post=2101"}],"curies":[{"name":"wp","href":"https:\/\/api.w.org\/{rel}","templated":true}]}}