{"id":210,"date":"2013-03-12T11:07:55","date_gmt":"2013-03-12T10:07:55","guid":{"rendered":"http:\/\/www.myparisagency.com\/blog\/?p=210"},"modified":"2019-07-23T12:36:46","modified_gmt":"2019-07-23T11:36:46","slug":"les-reformes-en-reflexion","status":"publish","type":"post","link":"https:\/\/www.myparisagency.com\/blog\/fr\/2013\/03\/12\/les-reformes-en-reflexion","title":{"rendered":"Les r\u00e9formes en r\u00e9flexion"},"content":{"rendered":"<p>Le rapport Massin Laporte publi\u00e9 le 1<sup>er<\/sup> mars 2013 tente de moderniser les rapports entre bailleurs et locataires dans le cadre de location meubl\u00e9es ou vides. Les propositions de ce texte sont articul\u00e9es autour des 4 th\u00e8mes suivants\u00a0:<\/p>\n<ul>\n<li>pacifier les relations bailleur\/locataire ;<\/li>\n<li>ma\u00eetriser le co\u00fbt du logement pour le locataire et le risque d\u2019impay\u00e9s pour le propri\u00e9taire ;<\/li>\n<li>am\u00e9liorer la qualit\u00e9 du service rendu ;<\/li>\n<li>s\u00e9curiser les relations propri\u00e9taires\/locataires lorsque les locataires connaissent une d\u00e9gradation de leur situation financi\u00e8re.<\/li>\n<\/ul>\n<p>Afin de pr\u00e9parer son projet de loi sur le logement pr\u00e9vu pour l\u2019\u00e9t\u00e9 prochain, la ministre en charge du logement, C\u00e9cile Duflot se basera sur ces 55 recommandations.<\/p>\n<p>A noter que m\u00eame si certaines id\u00e9es restent pertinentes, elles semblent pour la plupart plus favorables aux locataires qu\u2019aux propri\u00e9taires, notamment au niveau de la sanction des loyers impay\u00e9s qui n\u2019est pas vraiment repens\u00e9e, ni acc\u00e9l\u00e9r\u00e9e\u2026<\/p>\n<p style=\"text-align: center\"><strong><em>Sources :\u00a0http:\/\/www.pap.fr\/conseils\/location<\/em><\/strong><\/p>\n","protected":false},"excerpt":{"rendered":"<p>Le rapport Massin Laporte publi\u00e9 le 1er mars 2013 tente de moderniser les rapports entre bailleurs et locataires dans le cadre de location meubl\u00e9es ou vides. Les propositions de ce texte sont articul\u00e9es autour des 4 th\u00e8mes suivants\u00a0: pacifier les relations bailleur\/locataire ; ma\u00eetriser le co\u00fbt du logement pour le locataire et le risque d\u2019impay\u00e9s&hellip;<\/p>\n","protected":false},"author":2,"featured_media":0,"comment_status":"open","ping_status":"open","sticky":false,"template":"","format":"standard","meta":[],"categories":[7],"tags":[],"_links":{"self":[{"href":"https:\/\/www.myparisagency.com\/blog\/wp-json\/wp\/v2\/posts\/210"}],"collection":[{"href":"https:\/\/www.myparisagency.com\/blog\/wp-json\/wp\/v2\/posts"}],"about":[{"href":"https:\/\/www.myparisagency.com\/blog\/wp-json\/wp\/v2\/types\/post"}],"author":[{"embeddable":true,"href":"https:\/\/www.myparisagency.com\/blog\/wp-json\/wp\/v2\/users\/2"}],"replies":[{"embeddable":true,"href":"https:\/\/www.myparisagency.com\/blog\/wp-json\/wp\/v2\/comments?post=210"}],"version-history":[{"count":4,"href":"https:\/\/www.myparisagency.com\/blog\/wp-json\/wp\/v2\/posts\/210\/revisions"}],"predecessor-version":[{"id":3106,"href":"https:\/\/www.myparisagency.com\/blog\/wp-json\/wp\/v2\/posts\/210\/revisions\/3106"}],"wp:attachment":[{"href":"https:\/\/www.myparisagency.com\/blog\/wp-json\/wp\/v2\/media?parent=210"}],"wp:term":[{"taxonomy":"category","embeddable":true,"href":"https:\/\/www.myparisagency.com\/blog\/wp-json\/wp\/v2\/categories?post=210"},{"taxonomy":"post_tag","embeddable":true,"href":"https:\/\/www.myparisagency.com\/blog\/wp-json\/wp\/v2\/tags?post=210"}],"curies":[{"name":"wp","href":"https:\/\/api.w.org\/{rel}","templated":true}]}}