{"id":2090,"date":"2015-12-14T10:15:51","date_gmt":"2015-12-14T09:15:51","guid":{"rendered":"http:\/\/www.myparisagency.com\/blog\/?p=2090"},"modified":"2015-12-08T19:26:10","modified_gmt":"2015-12-08T18:26:10","slug":"la-coupelle","status":"publish","type":"post","link":"https:\/\/www.myparisagency.com\/blog\/fr\/2015\/12\/14\/la-coupelle","title":{"rendered":"La Coupelle"},"content":{"rendered":"<p>Prenez de la hauteur dans ce splendide studio r\u00e9cemment refait \u00e0 neuf vous offrant une vue imprenable sur la Tour Eiffel au 6\u00e8me \u00e9tage d&#8217;un immeuble moderne rue Falgui\u00e8re. Au coeur du 15\u00e8me arrondissement, profitez d&#8217;un emplacement central pour d\u00e9couvrir les plus beaux monuments de la capitale.<\/p>\n<p><a href=\"http:\/\/www.myparisagency.com\/blog\/wp-content\/uploads\/2015\/12\/1.jpg\"><img loading=\"lazy\" class=\"aligncenter size-medium wp-image-2095\" alt=\"1\" src=\"http:\/\/www.myparisagency.com\/blog\/wp-content\/uploads\/2015\/12\/1-300x200.jpg\" width=\"300\" height=\"200\" srcset=\"https:\/\/www.myparisagency.com\/blog\/wp-content\/uploads\/2015\/12\/1-300x200.jpg 300w, https:\/\/www.myparisagency.com\/blog\/wp-content\/uploads\/2015\/12\/1.jpg 600w\" sizes=\"(max-width: 300px) 100vw, 300px\" \/><\/a><\/p>\n<p>D&#8217;une surface de 27 m2, la Coupelle d\u00e9voile un espace parfaitement optimis\u00e9 pour le s\u00e9jour d&#8217;une ou deux personnes. Le canap\u00e9 se module avec un lit armoire attenant de 160 cm. Ouverte, la cuisine avec son bar \u00e0 l&#8217;am\u00e9ricaine a tout d&#8217;une grande et est enti\u00e8rement \u00e9quip\u00e9e pour vous restaurer sur place. Profitez du soleil parisien depuis la terrasse am\u00e9nag\u00e9e avec vue imprenable. Une belle salle de douche moderne et WC compl\u00e8te ce bien de standing.<\/p>\n<p><a href=\"http:\/\/www.myparisagency.com\/blog\/wp-content\/uploads\/2015\/12\/2.jpg\"><img loading=\"lazy\" class=\"aligncenter size-medium wp-image-2096\" alt=\"2\" src=\"http:\/\/www.myparisagency.com\/blog\/wp-content\/uploads\/2015\/12\/2-200x300.jpg\" width=\"200\" height=\"300\" srcset=\"https:\/\/www.myparisagency.com\/blog\/wp-content\/uploads\/2015\/12\/2-200x300.jpg 200w, https:\/\/www.myparisagency.com\/blog\/wp-content\/uploads\/2015\/12\/2.jpg 300w\" sizes=\"(max-width: 200px) 100vw, 200px\" \/><\/a><\/p>\n<p>Au pied du m\u00e9tro Montparnasse (ligne 4, 6, 12 et 13) et de nombreuses lignes de bus (92, 96, 91&#8230;) b\u00e9n\u00e9ficiez d&#8217;un emplacement recherch\u00e9 pour rejoindre en quelques minutes les monuments les plus embl\u00e9matiques de Paris : la Tour Eiffel et son Champ de Mars, le Parc Andr\u00e9 Citro\u00ebn, Ecole Militaire, Saint-Germain-des-Pr\u00e9s, mais aussi le Trocad\u00e9ro, la place de l&#8217;Etoile et son Arc de Triomphe ou encore les Champs Elys\u00e9es en 20 minutes seulement.<\/p>\n<p style=\"text-align: center\">Rendez-vous vite sur notre site pour r\u00e9server votre appartement parisien :\u00a0<a href=\"http:\/\/www.myparisagency.com\/fr\/appartements\/448\/la-coupelle\" target=\"_blank\">http:\/\/www.myparisagency.com\/fr\/appartements\/448\/la-coupelle<\/a><\/p>\n","protected":false},"excerpt":{"rendered":"<p>Prenez de la hauteur dans ce splendide studio r\u00e9cemment refait \u00e0 neuf vous offrant une vue imprenable sur la Tour Eiffel au 6\u00e8me \u00e9tage d&#8217;un immeuble moderne rue Falgui\u00e8re. Au coeur du 15\u00e8me arrondissement, profitez d&#8217;un emplacement central pour d\u00e9couvrir les plus beaux monuments de la capitale. D&#8217;une surface de 27 m2, la Coupelle d\u00e9voile&hellip;<\/p>\n","protected":false},"author":2,"featured_media":0,"comment_status":"open","ping_status":"open","sticky":false,"template":"","format":"standard","meta":[],"categories":[5],"tags":[],"_links":{"self":[{"href":"https:\/\/www.myparisagency.com\/blog\/wp-json\/wp\/v2\/posts\/2090"}],"collection":[{"href":"https:\/\/www.myparisagency.com\/blog\/wp-json\/wp\/v2\/posts"}],"about":[{"href":"https:\/\/www.myparisagency.com\/blog\/wp-json\/wp\/v2\/types\/post"}],"author":[{"embeddable":true,"href":"https:\/\/www.myparisagency.com\/blog\/wp-json\/wp\/v2\/users\/2"}],"replies":[{"embeddable":true,"href":"https:\/\/www.myparisagency.com\/blog\/wp-json\/wp\/v2\/comments?post=2090"}],"version-history":[{"count":4,"href":"https:\/\/www.myparisagency.com\/blog\/wp-json\/wp\/v2\/posts\/2090\/revisions"}],"predecessor-version":[{"id":2097,"href":"https:\/\/www.myparisagency.com\/blog\/wp-json\/wp\/v2\/posts\/2090\/revisions\/2097"}],"wp:attachment":[{"href":"https:\/\/www.myparisagency.com\/blog\/wp-json\/wp\/v2\/media?parent=2090"}],"wp:term":[{"taxonomy":"category","embeddable":true,"href":"https:\/\/www.myparisagency.com\/blog\/wp-json\/wp\/v2\/categories?post=2090"},{"taxonomy":"post_tag","embeddable":true,"href":"https:\/\/www.myparisagency.com\/blog\/wp-json\/wp\/v2\/tags?post=2090"}],"curies":[{"name":"wp","href":"https:\/\/api.w.org\/{rel}","templated":true}]}}