{"id":205,"date":"2013-03-16T12:30:04","date_gmt":"2013-03-16T11:30:04","guid":{"rendered":"http:\/\/www.myparisagency.com\/blog\/?p=205"},"modified":"2013-09-30T17:00:31","modified_gmt":"2013-09-30T16:00:31","slug":"le-iena","status":"publish","type":"post","link":"https:\/\/www.myparisagency.com\/blog\/fr\/2013\/03\/16\/le-iena","title":{"rendered":"Le I\u00e9na"},"content":{"rendered":"<p>Vivez une v\u00e9ritable exp\u00e9rience parisienne dans ce magnifique appartement de 2 pi\u00e8ces situ\u00e9 sur la prestigieuse avenue d&#8217;I\u00e9na. Poussez la porte d&#8217;un immeuble de haut standing avec gardien et hall d&#8217;accueil et grimpez au 6\u00e8me \u00e9tage avec ascenseur pour p\u00e9n\u00e9trez dans l&#8217;antre du I\u00e9na.<\/p>\n<p><a href=\"http:\/\/www.myparisagency.com\/blog\/wp-content\/uploads\/2013\/03\/1.jpg\"><img loading=\"lazy\" class=\"aligncenter size-medium wp-image-206\" src=\"http:\/\/www.myparisagency.com\/blog\/wp-content\/uploads\/2013\/03\/1-300x199.jpg\" alt=\"\" width=\"300\" height=\"199\" srcset=\"https:\/\/www.myparisagency.com\/blog\/wp-content\/uploads\/2013\/03\/1-300x199.jpg 300w, https:\/\/www.myparisagency.com\/blog\/wp-content\/uploads\/2013\/03\/1-451x300.jpg 451w, https:\/\/www.myparisagency.com\/blog\/wp-content\/uploads\/2013\/03\/1.jpg 720w\" sizes=\"(max-width: 300px) 100vw, 300px\" \/><\/a><\/p>\n<p>D&#8217;une surface de 45 m2, le I\u00e9na d\u00e9voile un s\u00e9jour spacieux \u00e0 la d\u00e9coration classique et raffin\u00e9e. Confortable et lumineux, cette pi\u00e8ce principale vous offre un espace de d\u00e9tente id\u00e9al avec son superbe canap\u00e9 de velours et ses deux fauteuils en cuir. Une belle table \u00e0 manger compl\u00e8te ce lieu qui vous permettra de vous restaurer sur place gr\u00e2ce \u00e0 une cuisine s\u00e9par\u00e9e enti\u00e8rement \u00e9quip\u00e9e. Deux personnes pourront s\u00e9journer au I\u00e9na avec une chambre double cosy avec penderie et une salle de bains en marbre dot\u00e9e d&#8217;une \u00e9l\u00e9gante baignoire et de WC s\u00e9par\u00e9s. Petit plus de cet appartement : son balcon avec vue panoramique sur les toits de Paris et ses monuments.<\/p>\n<p><a href=\"http:\/\/www.myparisagency.com\/blog\/wp-content\/uploads\/2013\/03\/221.jpg\"><img loading=\"lazy\" class=\"aligncenter size-medium wp-image-208\" src=\"http:\/\/www.myparisagency.com\/blog\/wp-content\/uploads\/2013\/03\/221-300x199.jpg\" alt=\"\" width=\"300\" height=\"199\" srcset=\"https:\/\/www.myparisagency.com\/blog\/wp-content\/uploads\/2013\/03\/221-300x199.jpg 300w, https:\/\/www.myparisagency.com\/blog\/wp-content\/uploads\/2013\/03\/221-451x300.jpg 451w, https:\/\/www.myparisagency.com\/blog\/wp-content\/uploads\/2013\/03\/221.jpg 720w\" sizes=\"(max-width: 300px) 100vw, 300px\" \/><\/a><\/p>\n<p>Le 16\u00e8me arrondissement reste l&#8217;un des quartiers le plus recherch\u00e9 de Paris. A deux pas des jardins du Trocad\u00e9ro, rejoignez facilement les plus beaux monuments de la capitale :\u00a0 le Palais de Tokyo, la maison de Benjamin Franklin, l\u2019Arc de Triomphe, la Tour Eiffel, l\u2019avenue des Champs Elys\u00e9es, l\u2019avenue Georges V, l\u2019avenue Kl\u00e9ber. Pour vos autres d\u00e9placements, empruntez selon vos envies les transports en commun des alentours (m\u00e9tro I\u00e9na, ligne 9).<\/p>\n<p style=\"text-align: center\"><span style=\"color: #ff6600\"><strong>Rendez-vous vite pour r\u00e9server<\/strong> <\/span>:\u00a0http:\/\/www.myparisagency.com\/fr\/appartements\/184\/iena<\/p>\n","protected":false},"excerpt":{"rendered":"<p>Vivez une v\u00e9ritable exp\u00e9rience parisienne dans ce magnifique appartement de 2 pi\u00e8ces situ\u00e9 sur la prestigieuse avenue d&#8217;I\u00e9na. Poussez la porte d&#8217;un immeuble de haut standing avec gardien et hall d&#8217;accueil et grimpez au 6\u00e8me \u00e9tage avec ascenseur pour p\u00e9n\u00e9trez dans l&#8217;antre du I\u00e9na. D&#8217;une surface de 45 m2, le I\u00e9na d\u00e9voile un s\u00e9jour spacieux&hellip;<\/p>\n","protected":false},"author":2,"featured_media":0,"comment_status":"open","ping_status":"open","sticky":false,"template":"","format":"standard","meta":[],"categories":[5],"tags":[],"_links":{"self":[{"href":"https:\/\/www.myparisagency.com\/blog\/wp-json\/wp\/v2\/posts\/205"}],"collection":[{"href":"https:\/\/www.myparisagency.com\/blog\/wp-json\/wp\/v2\/posts"}],"about":[{"href":"https:\/\/www.myparisagency.com\/blog\/wp-json\/wp\/v2\/types\/post"}],"author":[{"embeddable":true,"href":"https:\/\/www.myparisagency.com\/blog\/wp-json\/wp\/v2\/users\/2"}],"replies":[{"embeddable":true,"href":"https:\/\/www.myparisagency.com\/blog\/wp-json\/wp\/v2\/comments?post=205"}],"version-history":[{"count":3,"href":"https:\/\/www.myparisagency.com\/blog\/wp-json\/wp\/v2\/posts\/205\/revisions"}],"predecessor-version":[{"id":1269,"href":"https:\/\/www.myparisagency.com\/blog\/wp-json\/wp\/v2\/posts\/205\/revisions\/1269"}],"wp:attachment":[{"href":"https:\/\/www.myparisagency.com\/blog\/wp-json\/wp\/v2\/media?parent=205"}],"wp:term":[{"taxonomy":"category","embeddable":true,"href":"https:\/\/www.myparisagency.com\/blog\/wp-json\/wp\/v2\/categories?post=205"},{"taxonomy":"post_tag","embeddable":true,"href":"https:\/\/www.myparisagency.com\/blog\/wp-json\/wp\/v2\/tags?post=205"}],"curies":[{"name":"wp","href":"https:\/\/api.w.org\/{rel}","templated":true}]}}