{"id":1965,"date":"2015-07-23T11:38:37","date_gmt":"2015-07-23T10:38:37","guid":{"rendered":"http:\/\/www.myparisagency.com\/blog\/?p=1965"},"modified":"2015-07-08T14:05:01","modified_gmt":"2015-07-08T13:05:01","slug":"bel-air","status":"publish","type":"post","link":"https:\/\/www.myparisagency.com\/blog\/fr\/2015\/07\/23\/bel-air","title":{"rendered":"Bel Air"},"content":{"rendered":"<p>Offrez-vous une parenth\u00e8se heureuse pour votre s\u00e9jour parisien dans ce bel appartement de 2 pi\u00e8ces optimis\u00e9 pour le s\u00e9jour de 3 personnes. Grimpez 5 \u00e9tages sans ascenseur pour acc\u00e9der \u00e0 ce bien confortable situ\u00e9 dans le quartier de Daumesnil dans le 12\u00e8me arrondissement de Paris.<\/p>\n<p><a href=\"http:\/\/www.myparisagency.com\/blog\/wp-content\/uploads\/2015\/07\/17.jpg\"><img loading=\"lazy\" class=\"aligncenter size-medium wp-image-1967\" alt=\"1\" src=\"http:\/\/www.myparisagency.com\/blog\/wp-content\/uploads\/2015\/07\/17-300x200.jpg\" width=\"300\" height=\"200\" \/><\/a><\/p>\n<p>D&#8217;une surface de 33 m2, le Bel Air s&#8217;ouvre sur un salon confortable avec canap\u00e9 lit pour 1 personnes en face d&#8217;une TV \u00e0 \u00e9cran plat avec Internet en wifi. Ind\u00e9pendante, la cuisine est \u00e9quip\u00e9e pour vous restaurer sur place autour de la table \u00e0 manger du s\u00e9jour. Id\u00e9al pour 2 ou 3 personnes, la chambre est dot\u00e9e d&#8217;un lit double et de rangements pour vos effets personnels. Le bureau vous permettra d&#8217;organiser vos rendez-vous professionnels sur la capitale. Une salle de douche avec WC s\u00e9par\u00e9s compl\u00e8te ce bien. Petit plus, le balcon am\u00e9nag\u00e9 pour profiter du soleil parisien.<\/p>\n<p><a href=\"http:\/\/www.myparisagency.com\/blog\/wp-content\/uploads\/2015\/07\/24.jpg\"><img loading=\"lazy\" class=\"aligncenter size-medium wp-image-1968\" alt=\"2\" src=\"http:\/\/www.myparisagency.com\/blog\/wp-content\/uploads\/2015\/07\/24-200x300.jpg\" width=\"200\" height=\"300\" \/><\/a><\/p>\n<p>Entre le Canal Saint Martin \u00e0 l&#8217;Ouest et la Seine au Sud, le 12\u00e8me arrondissement est un quartier chaleureux avec de nombreux espaces verts comme le Bois de Vincennes avec son zoo, un lac artificiel, un ch\u00e2teau et plusieurs restaurants. D\u00e9couvrez \u00e0 pied de nombreux monuments c\u00e9l\u00e8bres : la Cin\u00e9math\u00e8que Fran\u00e7aise, Bastille, la\u00a0rue du Faubourg-Saint-Antoine pour faire les magasins.\u00a0Le march\u00e9 alimentaire de l\u2019Aligre qui vend des produits frais, est aussi le seul march\u00e9 aux puces de Paris ouvert en semaine. Les transports en commun accessibles au pied de l&#8217;appartement (m\u00e9tro Daumesnil, ligne 6 et 8) vous permettront de rejoindre les\u00a0monuments parisiens de vos envies en toute facilit\u00e9.<\/p>\n<p style=\"text-align: center\"><strong>Rendez-vous vite sur notre site Internet pour r\u00e9server votre appartement parisien :\u00a0<a href=\"http:\/\/www.myparisagency.com\/fr\/appartements\/424\/bel-air\" target=\"_blank\">http:\/\/www.myparisagency.com\/fr\/appartements\/424\/bel-air<\/a><\/strong><\/p>\n","protected":false},"excerpt":{"rendered":"<p>Offrez-vous une parenth\u00e8se heureuse pour votre s\u00e9jour parisien dans ce bel appartement de 2 pi\u00e8ces optimis\u00e9 pour le s\u00e9jour de 3 personnes. Grimpez 5 \u00e9tages sans ascenseur pour acc\u00e9der \u00e0 ce bien confortable situ\u00e9 dans le quartier de Daumesnil dans le 12\u00e8me arrondissement de Paris. D&#8217;une surface de 33 m2, le Bel Air s&#8217;ouvre sur&hellip;<\/p>\n","protected":false},"author":2,"featured_media":0,"comment_status":"open","ping_status":"open","sticky":false,"template":"","format":"standard","meta":[],"categories":[5],"tags":[],"_links":{"self":[{"href":"https:\/\/www.myparisagency.com\/blog\/wp-json\/wp\/v2\/posts\/1965"}],"collection":[{"href":"https:\/\/www.myparisagency.com\/blog\/wp-json\/wp\/v2\/posts"}],"about":[{"href":"https:\/\/www.myparisagency.com\/blog\/wp-json\/wp\/v2\/types\/post"}],"author":[{"embeddable":true,"href":"https:\/\/www.myparisagency.com\/blog\/wp-json\/wp\/v2\/users\/2"}],"replies":[{"embeddable":true,"href":"https:\/\/www.myparisagency.com\/blog\/wp-json\/wp\/v2\/comments?post=1965"}],"version-history":[{"count":1,"href":"https:\/\/www.myparisagency.com\/blog\/wp-json\/wp\/v2\/posts\/1965\/revisions"}],"predecessor-version":[{"id":1969,"href":"https:\/\/www.myparisagency.com\/blog\/wp-json\/wp\/v2\/posts\/1965\/revisions\/1969"}],"wp:attachment":[{"href":"https:\/\/www.myparisagency.com\/blog\/wp-json\/wp\/v2\/media?parent=1965"}],"wp:term":[{"taxonomy":"category","embeddable":true,"href":"https:\/\/www.myparisagency.com\/blog\/wp-json\/wp\/v2\/categories?post=1965"},{"taxonomy":"post_tag","embeddable":true,"href":"https:\/\/www.myparisagency.com\/blog\/wp-json\/wp\/v2\/tags?post=1965"}],"curies":[{"name":"wp","href":"https:\/\/api.w.org\/{rel}","templated":true}]}}