{"id":1953,"date":"2015-06-26T10:52:49","date_gmt":"2015-06-26T09:52:49","guid":{"rendered":"http:\/\/www.myparisagency.com\/blog\/?p=1953"},"modified":"2015-07-08T10:59:37","modified_gmt":"2015-07-08T09:59:37","slug":"eiffel","status":"publish","type":"post","link":"https:\/\/www.myparisagency.com\/blog\/fr\/2015\/06\/26\/eiffel","title":{"rendered":"Eiffel"},"content":{"rendered":"<p>Envolez-vous au 5\u00e8me \u00e9tage sans ascenseur d&#8217;un immeuble bourgeois rue de Vaugirard pour d\u00e9couvrir ce magnifique appartement de 3 pi\u00e8ces avec vue Tour Eiffel depuis son balcon filant ensoleill\u00e9. Id\u00e9al pour un s\u00e9jour professionnel ou en famille, profitez d&#8217;un emplacement recherch\u00e9 au coeur de la capitale dans le 15\u00e8me arrondissement de Paris.<\/p>\n<p><a href=\"http:\/\/www.myparisagency.com\/blog\/wp-content\/uploads\/2015\/07\/13.jpg\"><img loading=\"lazy\" class=\"aligncenter size-medium wp-image-1954\" alt=\"1\" src=\"http:\/\/www.myparisagency.com\/blog\/wp-content\/uploads\/2015\/07\/13-300x200.jpg\" width=\"300\" height=\"200\" \/><\/a><\/p>\n<p>D&#8217;une surface de 56 m2, l&#8217;appartement Eiffel d\u00e9voile un s\u00e9jour aux tons color\u00e9s avec canap\u00e9 confortable en face d&#8217;une TV \u00e0 \u00e9cran plat avec Internet en wifi. La table \u00e0 manger vous permettra de vous restaurer sur place, en famille ou entre amis. Ind\u00e9pendante, la cuisine moderne est enti\u00e8rement \u00e9quip\u00e9e. La premi\u00e8re chambre dispose d&#8217;un lit double et de rangements pour vos effets personnels. La seconde chambre est modulable selon vos besoins avec un canap\u00e9 convertible. La salle de bains est dot\u00e9e d&#8217;une \u00e9l\u00e9gante baignoire avec WC s\u00e9par\u00e9s pour garantir une intimit\u00e9 parfaite aux occupants.<\/p>\n<p><a href=\"http:\/\/www.myparisagency.com\/blog\/wp-content\/uploads\/2015\/07\/21.jpg\"><img loading=\"lazy\" class=\"aligncenter size-medium wp-image-1955\" alt=\"2\" src=\"http:\/\/www.myparisagency.com\/blog\/wp-content\/uploads\/2015\/07\/21-300x200.jpg\" width=\"300\" height=\"200\" \/><\/a><\/p>\n<p>Le quartier de Montparnasse vous offre un emplacement central pour vous rendre aux quatre coins de Paris en toute facilit\u00e9 gr\u00e2ce \u00e0 de nombreux transports en commun\u00a0(m\u00e9tro Falgui\u00e8re en face de l&#8217;appartement, ligne 12 mais aussi 4 lignes de m\u00e9tro et une dizaine de ligne de bus \u00e0 Montparnasse). Rendez-vous \u00e9galement \u00e0 pied vers les lieux les plus embl\u00e9matiques de la capitale :\u00a0La Tour Eiffel, le Champ de Mars, Saint-Germain-des-Pr\u00e9s, le Mus\u00e9e des Quais Branly, Trocad\u00e9ro, le Palais de Tokyo, Ecole Militaire, les Invalides, Maison de Radio France ou encore le\u00a0Parc Andr\u00e9 Citro\u00ebn.<\/p>\n<p style=\"text-align: center\"><strong><em>Rendez-vous vite pour r\u00e9server votre appartement parisien sur notre site :\u00a0<a href=\"http:\/\/www.myparisagency.com\/fr\/appartements\/415\/eiffel\" target=\"_blank\">http:\/\/www.myparisagency.com\/fr\/appartements\/415\/eiffel<\/a><\/em><\/strong><\/p>\n","protected":false},"excerpt":{"rendered":"<p>Envolez-vous au 5\u00e8me \u00e9tage sans ascenseur d&#8217;un immeuble bourgeois rue de Vaugirard pour d\u00e9couvrir ce magnifique appartement de 3 pi\u00e8ces avec vue Tour Eiffel depuis son balcon filant ensoleill\u00e9. Id\u00e9al pour un s\u00e9jour professionnel ou en famille, profitez d&#8217;un emplacement recherch\u00e9 au coeur de la capitale dans le 15\u00e8me arrondissement de Paris. D&#8217;une surface de&hellip;<\/p>\n","protected":false},"author":2,"featured_media":0,"comment_status":"open","ping_status":"open","sticky":false,"template":"","format":"standard","meta":[],"categories":[5],"tags":[],"_links":{"self":[{"href":"https:\/\/www.myparisagency.com\/blog\/wp-json\/wp\/v2\/posts\/1953"}],"collection":[{"href":"https:\/\/www.myparisagency.com\/blog\/wp-json\/wp\/v2\/posts"}],"about":[{"href":"https:\/\/www.myparisagency.com\/blog\/wp-json\/wp\/v2\/types\/post"}],"author":[{"embeddable":true,"href":"https:\/\/www.myparisagency.com\/blog\/wp-json\/wp\/v2\/users\/2"}],"replies":[{"embeddable":true,"href":"https:\/\/www.myparisagency.com\/blog\/wp-json\/wp\/v2\/comments?post=1953"}],"version-history":[{"count":1,"href":"https:\/\/www.myparisagency.com\/blog\/wp-json\/wp\/v2\/posts\/1953\/revisions"}],"predecessor-version":[{"id":1956,"href":"https:\/\/www.myparisagency.com\/blog\/wp-json\/wp\/v2\/posts\/1953\/revisions\/1956"}],"wp:attachment":[{"href":"https:\/\/www.myparisagency.com\/blog\/wp-json\/wp\/v2\/media?parent=1953"}],"wp:term":[{"taxonomy":"category","embeddable":true,"href":"https:\/\/www.myparisagency.com\/blog\/wp-json\/wp\/v2\/categories?post=1953"},{"taxonomy":"post_tag","embeddable":true,"href":"https:\/\/www.myparisagency.com\/blog\/wp-json\/wp\/v2\/tags?post=1953"}],"curies":[{"name":"wp","href":"https:\/\/api.w.org\/{rel}","templated":true}]}}