{"id":1943,"date":"2015-06-16T10:11:48","date_gmt":"2015-06-16T09:11:48","guid":{"rendered":"http:\/\/www.myparisagency.com\/blog\/?p=1943"},"modified":"2015-07-08T10:22:06","modified_gmt":"2015-07-08T09:22:06","slug":"claude","status":"publish","type":"post","link":"https:\/\/www.myparisagency.com\/blog\/fr\/2015\/06\/16\/claude","title":{"rendered":"Claude"},"content":{"rendered":"<p style=\"text-align: left\">Glissez-vous dans la peau d&#8217;un v\u00e9ritable parisien pour ce bel appartement de 3 pi\u00e8ces parfaitement optimis\u00e9 pour le s\u00e9jour de 4 personnes. Au 2\u00e8me \u00e9tage sans ascenseur d&#8217;un immeuble bourgeois, profitez d&#8217;un emplacement de choix \u00e0 deux pas de la rue de Levis dans le quartier de Villiers, Paris 17\u00e8me arrondissement.<\/p>\n<p style=\"text-align: left\"><a href=\"http:\/\/www.myparisagency.com\/blog\/wp-content\/uploads\/2015\/07\/1.jpg\"><img loading=\"lazy\" class=\"aligncenter size-medium wp-image-1944\" alt=\"1\" src=\"http:\/\/www.myparisagency.com\/blog\/wp-content\/uploads\/2015\/07\/1-300x200.jpg\" width=\"300\" height=\"200\" \/><\/a><\/p>\n<p style=\"text-align: left\">D&#8217;une surface de 48 m2, l&#8217;appartement Claude s&#8217;ouvre sur un s\u00e9jour clair et lumineux avec canap\u00e9 en face d&#8217;une TV \u00e0 \u00e9cran plat pour vous d\u00e9tendre apr\u00e8s une journ\u00e9e de visites professionnelles. L&#8217;espace d\u00eenatoire compos\u00e9 de la table en bois vous permettra de vous restaurer sur place gr\u00e2ce \u00e0 une cuisine s\u00e9par\u00e9e enti\u00e8rement \u00e9quip\u00e9e. La premi\u00e8re chambre dispose d&#8217;un lit double et la seconde d&#8217;un canap\u00e9 lit modulable selon vos envies. Une belle salle de douche compl\u00e8te ce bien de standing.<\/p>\n<p style=\"text-align: left\"><a href=\"http:\/\/www.myparisagency.com\/blog\/wp-content\/uploads\/2015\/07\/2.jpg\"><img loading=\"lazy\" class=\"aligncenter size-medium wp-image-1945\" alt=\"2\" src=\"http:\/\/www.myparisagency.com\/blog\/wp-content\/uploads\/2015\/07\/2-300x200.jpg\" width=\"300\" height=\"200\" \/><\/a><\/p>\n<p style=\"text-align: left\">Depuis l&#8217;Arc de Triomphe avec ses immeubles haussmanniens\u00a0jusqu&#8217;\u00e0 la Place de Clichy avec ses bars branch\u00e9s, le 17\u00e8me arrondissement est l&#8217;un des plus diversifi\u00e9 de la capitale. D\u00e9couvrez \u00e0 pied vers de nombreux lieux embl\u00e9matiques :\u00a0Montmartre et sa basilique, le parc de Monceau, la place Charles de Gaulle\u00a0et son Arc de Triomphe, la Gare Saint-Lazare, Pigalle, les Abesses&#8230;Au coeur du village des Batignolles, ce bien vous offre un emplacement central parfaitement desservi par les transports en commun (m\u00e9tro Villiers, ligne 3) rejoignez les autres quartiers parisiens en toute facilit\u00e9.<\/p>\n<p style=\"text-align: center\"><strong><em>Rendez-vous vite sur notre site pour r\u00e9server votre appartement parisien :\u00a0<a href=\"http:\/\/www.myparisagency.com\/fr\/appartements\/416\/claude\" target=\"_blank\">http:\/\/www.myparisagency.com\/fr\/appartements\/416\/claude<\/a><\/em><\/strong><\/p>\n","protected":false},"excerpt":{"rendered":"<p>Glissez-vous dans la peau d&#8217;un v\u00e9ritable parisien pour ce bel appartement de 3 pi\u00e8ces parfaitement optimis\u00e9 pour le s\u00e9jour de 4 personnes. Au 2\u00e8me \u00e9tage sans ascenseur d&#8217;un immeuble bourgeois, profitez d&#8217;un emplacement de choix \u00e0 deux pas de la rue de Levis dans le quartier de Villiers, Paris 17\u00e8me arrondissement. D&#8217;une surface de 48&hellip;<\/p>\n","protected":false},"author":2,"featured_media":0,"comment_status":"open","ping_status":"open","sticky":false,"template":"","format":"standard","meta":[],"categories":[5],"tags":[],"_links":{"self":[{"href":"https:\/\/www.myparisagency.com\/blog\/wp-json\/wp\/v2\/posts\/1943"}],"collection":[{"href":"https:\/\/www.myparisagency.com\/blog\/wp-json\/wp\/v2\/posts"}],"about":[{"href":"https:\/\/www.myparisagency.com\/blog\/wp-json\/wp\/v2\/types\/post"}],"author":[{"embeddable":true,"href":"https:\/\/www.myparisagency.com\/blog\/wp-json\/wp\/v2\/users\/2"}],"replies":[{"embeddable":true,"href":"https:\/\/www.myparisagency.com\/blog\/wp-json\/wp\/v2\/comments?post=1943"}],"version-history":[{"count":1,"href":"https:\/\/www.myparisagency.com\/blog\/wp-json\/wp\/v2\/posts\/1943\/revisions"}],"predecessor-version":[{"id":1946,"href":"https:\/\/www.myparisagency.com\/blog\/wp-json\/wp\/v2\/posts\/1943\/revisions\/1946"}],"wp:attachment":[{"href":"https:\/\/www.myparisagency.com\/blog\/wp-json\/wp\/v2\/media?parent=1943"}],"wp:term":[{"taxonomy":"category","embeddable":true,"href":"https:\/\/www.myparisagency.com\/blog\/wp-json\/wp\/v2\/categories?post=1943"},{"taxonomy":"post_tag","embeddable":true,"href":"https:\/\/www.myparisagency.com\/blog\/wp-json\/wp\/v2\/tags?post=1943"}],"curies":[{"name":"wp","href":"https:\/\/api.w.org\/{rel}","templated":true}]}}