{"id":1910,"date":"2015-05-15T15:56:39","date_gmt":"2015-05-15T14:56:39","guid":{"rendered":"http:\/\/www.myparisagency.com\/blog\/?p=1910"},"modified":"2015-06-02T12:02:24","modified_gmt":"2015-06-02T11:02:24","slug":"telegraphe","status":"publish","type":"post","link":"https:\/\/www.myparisagency.com\/blog\/fr\/2015\/05\/15\/telegraphe","title":{"rendered":"T\u00e9l\u00e9graphe"},"content":{"rendered":"<p>Ce lieu rare et privil\u00e9gi\u00e9 couronnera votre s\u00e9jour de succ\u00e8s. Au 4\u00e8me \u00e9tage sans ascenseur d&#8217;un immeuble cossu du 20\u00e8me arrondissement, ce bien de 2 pi\u00e8ces s&#8217;adapte au s\u00e9jour confortable de 2 personnes dans le quartier de Gambetta.<\/p>\n<p><a href=\"http:\/\/www.myparisagency.com\/blog\/wp-content\/uploads\/2015\/06\/13.jpg\"><img loading=\"lazy\" class=\"aligncenter size-medium wp-image-1911\" alt=\"1\" src=\"http:\/\/www.myparisagency.com\/blog\/wp-content\/uploads\/2015\/06\/13-300x200.jpg\" width=\"300\" height=\"200\" \/><\/a><\/p>\n<p>D&#8217;une surface de 48\u00a0m2, le T\u00e9l\u00e9graphe s&#8217;ouvre sur une pi\u00e8ce \u00e0 vivre \u00e9l\u00e9gante avec parquet ancien. Ce double living vous offre un espace de d\u00e9tente id\u00e9al apr\u00e8s une journ\u00e9e de rendez-vous professionnels gr\u00e2ce \u00e0 un canap\u00e9 avec TV et Internet en wifi. L&#8217;espace d\u00eenatoire avec sa belle table \u00e0 manger vous permettra de vous restaurer sur place avec une cuisine ind\u00e9pendante enti\u00e8rement \u00e9quip\u00e9e. Id\u00e9al pour le s\u00e9jour de 2 personnes, la chambre double dispose de nombreux espaces de rangements pour vos effets personnels. La salle de douche moderne est de type pluie tropicale avec WC s\u00e9par\u00e9s.<\/p>\n<p><a href=\"http:\/\/www.myparisagency.com\/blog\/wp-content\/uploads\/2015\/06\/23.jpg\"><img loading=\"lazy\" class=\"aligncenter size-medium wp-image-1912\" alt=\"2\" src=\"http:\/\/www.myparisagency.com\/blog\/wp-content\/uploads\/2015\/06\/23-300x200.jpg\" width=\"300\" height=\"200\" \/><\/a><\/p>\n<div id=\"ctl00_ctl00_panel_panel_descriptionDiv\">\n<div id=\"ctl00_ctl00_panel_panel_descriptionBlockDiv\">\n<div id=\"ctl00_ctl00_panel_panel_descriptionContentDiv\">\n<div>\n<p>Brut et authentique de la ville, le 20\u00e8me saura vous s\u00e9duire avec de nombreuses visites \u00e0 faire aux alentours. Rendez-vous \u00e0 P\u00e8re Lachaise,\u00a0Belleville, Charonne ou\u00a0M\u00e9nilmontant. A deux pas du m\u00e9tro Saint Fargeau ou Pelleport (ligne 3 bis) et du tram, rejoignez les autres arrondissement de Paris en toute facilit\u00e9.<\/p>\n<p style=\"text-align: center\"><strong><em>Rendez-vous vite sur notre site Internet pour r\u00e9server votre appartement parisien :\u00a0<a href=\"http:\/\/www.myparisagency.com\/fr\/appartements\/407\/telegraphe\" target=\"_blank\">http:\/\/www.myparisagency.com\/fr\/appartements\/407\/telegraphe<\/a><\/em><\/strong><\/p>\n<\/div>\n<\/div>\n<\/div>\n<\/div>\n","protected":false},"excerpt":{"rendered":"<p>Ce lieu rare et privil\u00e9gi\u00e9 couronnera votre s\u00e9jour de succ\u00e8s. Au 4\u00e8me \u00e9tage sans ascenseur d&#8217;un immeuble cossu du 20\u00e8me arrondissement, ce bien de 2 pi\u00e8ces s&#8217;adapte au s\u00e9jour confortable de 2 personnes dans le quartier de Gambetta. D&#8217;une surface de 48\u00a0m2, le T\u00e9l\u00e9graphe s&#8217;ouvre sur une pi\u00e8ce \u00e0 vivre \u00e9l\u00e9gante avec parquet ancien. Ce&hellip;<\/p>\n","protected":false},"author":2,"featured_media":0,"comment_status":"open","ping_status":"open","sticky":false,"template":"","format":"standard","meta":[],"categories":[5],"tags":[],"_links":{"self":[{"href":"https:\/\/www.myparisagency.com\/blog\/wp-json\/wp\/v2\/posts\/1910"}],"collection":[{"href":"https:\/\/www.myparisagency.com\/blog\/wp-json\/wp\/v2\/posts"}],"about":[{"href":"https:\/\/www.myparisagency.com\/blog\/wp-json\/wp\/v2\/types\/post"}],"author":[{"embeddable":true,"href":"https:\/\/www.myparisagency.com\/blog\/wp-json\/wp\/v2\/users\/2"}],"replies":[{"embeddable":true,"href":"https:\/\/www.myparisagency.com\/blog\/wp-json\/wp\/v2\/comments?post=1910"}],"version-history":[{"count":2,"href":"https:\/\/www.myparisagency.com\/blog\/wp-json\/wp\/v2\/posts\/1910\/revisions"}],"predecessor-version":[{"id":1915,"href":"https:\/\/www.myparisagency.com\/blog\/wp-json\/wp\/v2\/posts\/1910\/revisions\/1915"}],"wp:attachment":[{"href":"https:\/\/www.myparisagency.com\/blog\/wp-json\/wp\/v2\/media?parent=1910"}],"wp:term":[{"taxonomy":"category","embeddable":true,"href":"https:\/\/www.myparisagency.com\/blog\/wp-json\/wp\/v2\/categories?post=1910"},{"taxonomy":"post_tag","embeddable":true,"href":"https:\/\/www.myparisagency.com\/blog\/wp-json\/wp\/v2\/tags?post=1910"}],"curies":[{"name":"wp","href":"https:\/\/api.w.org\/{rel}","templated":true}]}}