{"id":1902,"date":"2015-05-07T13:44:51","date_gmt":"2015-05-07T12:44:51","guid":{"rendered":"http:\/\/www.myparisagency.com\/blog\/?p=1902"},"modified":"2015-06-02T11:50:09","modified_gmt":"2015-06-02T10:50:09","slug":"romain","status":"publish","type":"post","link":"https:\/\/www.myparisagency.com\/blog\/fr\/2015\/05\/07\/romain","title":{"rendered":"Romain"},"content":{"rendered":"<p>A Paris comme chez vous dans ce splendide appartement de 2 pi\u00e8ces situ\u00e9 au rez-de-chauss\u00e9e d&#8217;un immeuble moderne de la rue de Vaugirard. Id\u00e9al pour 2 personnes, optez pour le privil\u00e8ge de vivre dans le quartier de Saint-Germain-des-Pr\u00e9s, au coeur du 6\u00e8me arrondissement.<\/p>\n<p><a href=\"http:\/\/www.myparisagency.com\/blog\/wp-content\/uploads\/2015\/06\/11.jpg\"><img loading=\"lazy\" class=\"aligncenter size-medium wp-image-1903\" alt=\"1\" src=\"http:\/\/www.myparisagency.com\/blog\/wp-content\/uploads\/2015\/06\/11-300x200.jpg\" width=\"300\" height=\"200\" \/><\/a><\/p>\n<p>D&#8217;une surface de 35 m2, le Romain s&#8217;ouvre sur une pi\u00e8ce \u00e0 vivre agr\u00e9able avec son canap\u00e9 rouge confortable en face d&#8217;une TV \u00e0 \u00e9cran plat avec Internet en wifi. L&#8217;espace d\u00eenatoire avec sa table noire vous permettra de vous restaurer sur place gr\u00e2ce \u00e0 une cuisine ind\u00e9pendante enti\u00e8rement \u00e9quip\u00e9e. Adapt\u00e9 au s\u00e9jour de 2 personnes, la chambre est fonctionnelle avec un lit double en 140 cm et un placard de rangements pour vos effets personnels. La belle salles de bains en marbre saura vous s\u00e9duire avec WC s\u00e9par\u00e9s.<\/p>\n<p><a href=\"http:\/\/www.myparisagency.com\/blog\/wp-content\/uploads\/2015\/06\/21.jpg\"><img loading=\"lazy\" class=\"aligncenter size-medium wp-image-1904\" alt=\"2\" src=\"http:\/\/www.myparisagency.com\/blog\/wp-content\/uploads\/2015\/06\/21-300x200.jpg\" width=\"300\" height=\"200\" \/><\/a><\/p>\n<p>Profitez d&#8217;un emplacement recherch\u00e9 dans le quartier de Saint-Placide pour vous rendre vers de nombreux lieux incontournables de la capitale :\u00a0Saint-Germain-des-Pr\u00e9s et son \u00e9glise,\u00a0le S\u00e9nat Palais du Luxembourg et ses jardins, le th\u00e9\u00e2tre de l\u2019Od\u00e9on, Les Deux Magots&#8230;Gr\u00e2ce aux transports en commun accessibles au pied de l&#8217;appartement (m\u00e9tro Saint-Placide ou Montparnasse, ligne 4, 6, 12 et 13) rejoignez les autres quartiers parisiens de vos envies en quelques instants.<\/p>\n<p style=\"text-align: center\"><em><strong>Rendez-vous vite sur notre site Internet pour r\u00e9server votre appartement parisien :\u00a0<a href=\"http:\/\/www.myparisagency.com\/fr\/appartements\/404\/le-romain\" target=\"_blank\">http:\/\/www.myparisagency.com\/fr\/appartements\/404\/le-romain<\/a><\/strong><\/em><\/p>\n","protected":false},"excerpt":{"rendered":"<p>A Paris comme chez vous dans ce splendide appartement de 2 pi\u00e8ces situ\u00e9 au rez-de-chauss\u00e9e d&#8217;un immeuble moderne de la rue de Vaugirard. Id\u00e9al pour 2 personnes, optez pour le privil\u00e8ge de vivre dans le quartier de Saint-Germain-des-Pr\u00e9s, au coeur du 6\u00e8me arrondissement. D&#8217;une surface de 35 m2, le Romain s&#8217;ouvre sur une pi\u00e8ce \u00e0&hellip;<\/p>\n","protected":false},"author":2,"featured_media":0,"comment_status":"open","ping_status":"open","sticky":false,"template":"","format":"standard","meta":[],"categories":[5],"tags":[],"_links":{"self":[{"href":"https:\/\/www.myparisagency.com\/blog\/wp-json\/wp\/v2\/posts\/1902"}],"collection":[{"href":"https:\/\/www.myparisagency.com\/blog\/wp-json\/wp\/v2\/posts"}],"about":[{"href":"https:\/\/www.myparisagency.com\/blog\/wp-json\/wp\/v2\/types\/post"}],"author":[{"embeddable":true,"href":"https:\/\/www.myparisagency.com\/blog\/wp-json\/wp\/v2\/users\/2"}],"replies":[{"embeddable":true,"href":"https:\/\/www.myparisagency.com\/blog\/wp-json\/wp\/v2\/comments?post=1902"}],"version-history":[{"count":1,"href":"https:\/\/www.myparisagency.com\/blog\/wp-json\/wp\/v2\/posts\/1902\/revisions"}],"predecessor-version":[{"id":1905,"href":"https:\/\/www.myparisagency.com\/blog\/wp-json\/wp\/v2\/posts\/1902\/revisions\/1905"}],"wp:attachment":[{"href":"https:\/\/www.myparisagency.com\/blog\/wp-json\/wp\/v2\/media?parent=1902"}],"wp:term":[{"taxonomy":"category","embeddable":true,"href":"https:\/\/www.myparisagency.com\/blog\/wp-json\/wp\/v2\/categories?post=1902"},{"taxonomy":"post_tag","embeddable":true,"href":"https:\/\/www.myparisagency.com\/blog\/wp-json\/wp\/v2\/tags?post=1902"}],"curies":[{"name":"wp","href":"https:\/\/api.w.org\/{rel}","templated":true}]}}