{"id":1898,"date":"2015-05-04T11:36:49","date_gmt":"2015-05-04T10:36:49","guid":{"rendered":"http:\/\/www.myparisagency.com\/blog\/?p=1898"},"modified":"2015-06-02T11:44:14","modified_gmt":"2015-06-02T10:44:14","slug":"parisien","status":"publish","type":"post","link":"https:\/\/www.myparisagency.com\/blog\/fr\/2015\/05\/04\/parisien","title":{"rendered":"Parisien"},"content":{"rendered":"<p>Offrez-vous un s\u00e9jour typiquement parisien dans cet appartement \u00e9l\u00e9gant de 2 pi\u00e8ces avec une spacieuse terrasse am\u00e9nag\u00e9e pour profiter du soleil de la capitale. Au 7\u00e8me \u00e9tage avec ascenseur d&#8217;un immeuble moderne dans le quartier de Montparnasse, profitez d&#8217;un emplacement recherch\u00e9 pour vos rendez-vous professionnels ou vos visites touristiques.<\/p>\n<p><a href=\"http:\/\/www.myparisagency.com\/blog\/wp-content\/uploads\/2015\/06\/1.jpg\"><img loading=\"lazy\" class=\"aligncenter size-medium wp-image-1899\" alt=\"1\" src=\"http:\/\/www.myparisagency.com\/blog\/wp-content\/uploads\/2015\/06\/1-300x200.jpg\" width=\"300\" height=\"200\" \/><\/a><\/p>\n<p>D&#8217;une surface de 51 m2, le Parisien s&#8217;ouvre sur une pi\u00e8ce \u00e0 vivre lumineuse avec ses tomettes au sol. D\u00e9couvrez une d\u00e9coration raffin\u00e9e et r\u00e9cemment refaite \u00e0 neuf avec un s\u00e9jour confortable dot\u00e9 d&#8217;un canap\u00e9 convertible en face d&#8217;une TV \u00e0 \u00e9cran plat avec Internet en wifi. La cuisine semi-ouverte est enti\u00e8rement \u00e9quip\u00e9e pour vous restaurer sur place. Id\u00e9al pour 2 ou 4 personnes, la chambre dispose d&#8217;un large lit double avec de nombreux rangements pour vos effets personnels. Une salle de bains avec baignoire et WC s\u00e9par\u00e9s compl\u00e8te ce bien de standing. V\u00e9ritable havre de paix, optez pour le privil\u00e8ge d&#8217;avoir une terrasse au coeur de Paris avec une vue Tour Eiffel.<\/p>\n<p><a href=\"http:\/\/www.myparisagency.com\/blog\/wp-content\/uploads\/2015\/06\/2.jpg\"><img loading=\"lazy\" class=\"aligncenter size-medium wp-image-1900\" alt=\"2\" src=\"http:\/\/www.myparisagency.com\/blog\/wp-content\/uploads\/2015\/06\/2-300x200.jpg\" width=\"300\" height=\"200\" \/><\/a><\/p>\n<p>Le quartier de Montparnasse est un lieu de d\u00e9part recherch\u00e9 pour d\u00e9couvrir la capitale. Rendez-vous en toute facilit\u00e9 vers les monuments les plus embl\u00e9matiques de la capitale gr\u00e2ce aux transports en commun accessibles au pied de l&#8217;appartement :\u00a04 lignes de m\u00e9tro (4, 6, 12 et 13) et de nombreuses lignes de bus (28, 58, 91, 92, 94, 95, 96). Promenez-vous \u00e9galement \u00e0 pied vers la rue de Rennes avec ses nombreux magasins, pour acc\u00e9der au mythique quartier de Saint-Germain-des-Pr\u00e9s. Le 7\u00e8me arrondissement avec les Invalides se trouve \u00e9galement \u00e0 deux pas. Le Champ de Mars est \u00e9galement accessible \u00e0 pied pour admirer la Tour Eiffel puis traverser la Seine vers le Palais de Chaillot et son Trocad\u00e9ro.<\/p>\n<p style=\"text-align: center\"><strong><em>Rendez-vous vite sur notre site Internet pour r\u00e9server votre appartement parisien :\u00a0<a href=\"http:\/\/www.myparisagency.com\/fr\/appartements\/400\/le-parisien\" target=\"_blank\">http:\/\/www.myparisagency.com\/fr\/appartements\/400\/le-parisien<\/a><\/em><\/strong><\/p>\n","protected":false},"excerpt":{"rendered":"<p>Offrez-vous un s\u00e9jour typiquement parisien dans cet appartement \u00e9l\u00e9gant de 2 pi\u00e8ces avec une spacieuse terrasse am\u00e9nag\u00e9e pour profiter du soleil de la capitale. Au 7\u00e8me \u00e9tage avec ascenseur d&#8217;un immeuble moderne dans le quartier de Montparnasse, profitez d&#8217;un emplacement recherch\u00e9 pour vos rendez-vous professionnels ou vos visites touristiques. D&#8217;une surface de 51 m2, le&hellip;<\/p>\n","protected":false},"author":2,"featured_media":0,"comment_status":"open","ping_status":"open","sticky":false,"template":"","format":"standard","meta":[],"categories":[5],"tags":[],"_links":{"self":[{"href":"https:\/\/www.myparisagency.com\/blog\/wp-json\/wp\/v2\/posts\/1898"}],"collection":[{"href":"https:\/\/www.myparisagency.com\/blog\/wp-json\/wp\/v2\/posts"}],"about":[{"href":"https:\/\/www.myparisagency.com\/blog\/wp-json\/wp\/v2\/types\/post"}],"author":[{"embeddable":true,"href":"https:\/\/www.myparisagency.com\/blog\/wp-json\/wp\/v2\/users\/2"}],"replies":[{"embeddable":true,"href":"https:\/\/www.myparisagency.com\/blog\/wp-json\/wp\/v2\/comments?post=1898"}],"version-history":[{"count":1,"href":"https:\/\/www.myparisagency.com\/blog\/wp-json\/wp\/v2\/posts\/1898\/revisions"}],"predecessor-version":[{"id":1901,"href":"https:\/\/www.myparisagency.com\/blog\/wp-json\/wp\/v2\/posts\/1898\/revisions\/1901"}],"wp:attachment":[{"href":"https:\/\/www.myparisagency.com\/blog\/wp-json\/wp\/v2\/media?parent=1898"}],"wp:term":[{"taxonomy":"category","embeddable":true,"href":"https:\/\/www.myparisagency.com\/blog\/wp-json\/wp\/v2\/categories?post=1898"},{"taxonomy":"post_tag","embeddable":true,"href":"https:\/\/www.myparisagency.com\/blog\/wp-json\/wp\/v2\/tags?post=1898"}],"curies":[{"name":"wp","href":"https:\/\/api.w.org\/{rel}","templated":true}]}}