{"id":1837,"date":"2015-03-11T15:03:28","date_gmt":"2015-03-11T14:03:28","guid":{"rendered":"http:\/\/www.myparisagency.com\/blog\/?p=1837"},"modified":"2019-07-23T11:29:26","modified_gmt":"2019-07-23T10:29:26","slug":"saint-patrick","status":"publish","type":"post","link":"https:\/\/www.myparisagency.com\/blog\/fr\/2015\/03\/11\/saint-patrick","title":{"rendered":"Saint Patrick"},"content":{"rendered":"<p>Et vous, vous faites quoi pour la Saint Patrick \u00e0 Paris ?\u00a0Au mois de mars, le 17, la capitale va briller aux couleurs de l\u2019Irlande pour c\u00e9l\u00e9brer la Saint-Patrick. La couleur verte sera \u00e0 l&#8217;honneur, une belle occasion de faire la f\u00eate ! Entre musique, danse et bonne franquette&#8230; Paris va vibrer \u00e0 la mode irlandaise.<\/p>\n<p>La popularit\u00e9 de la Saint Patrick en Irlande s&#8217;explique par le fait que Patrick aurait \u00e9t\u00e9 l&#8217;\u00e9vang\u00e9lisateur de l&#8217;\u00eele au Ve si\u00e8cle. Il est ainsi consid\u00e9r\u00e9 comme le saint patron de l&#8217;Irlande. C\u00e9l\u00e9br\u00e9e au moins depuis les VIIIe et IXe si\u00e8cles, cette f\u00eate s&#8217;est r\u00e9pandue dans le monde entier et notamment dans les pays anglo-saxons gr\u00e2ce \u00e0 l&#8217;importante diaspora irlandaise.\u00a0La c\u00e9l\u00e9bration de Saint Patrick en France et \u00e0 Paris donne lieu \u00e0 plusieurs \u00e9v\u00e9nements le 17 mars, mais \u00e9galement lors des jours pr\u00e9c\u00e9dant la f\u00eate &#8220;officielle&#8221;.<\/p>\n<p>Plus d&#8217;informations sur les \u00e9v\u00e8nements \u00e0 ne pas manquer en suivant ce lien :http:\/\/www.evous.fr\/Ou-feter-la-Saint-Patrick-2012-a-Paris,1148044.html<\/p>\n<p style=\"text-align: center\"><strong><em>Un \u00e9v\u00e8nement \u00e0 ne pas manquer, n&#8217;oubliez pas de r\u00e9server votre appartement parisien sur <span style=\"color: #ff6600\">www.myparisagency.com<\/span><\/em><\/strong><\/p>\n","protected":false},"excerpt":{"rendered":"<p>Et vous, vous faites quoi pour la Saint Patrick \u00e0 Paris ?\u00a0Au mois de mars, le 17, la capitale va briller aux couleurs de l\u2019Irlande pour c\u00e9l\u00e9brer la Saint-Patrick. La couleur verte sera \u00e0 l&#8217;honneur, une belle occasion de faire la f\u00eate ! Entre musique, danse et bonne franquette&#8230; Paris va vibrer \u00e0 la mode&hellip;<\/p>\n","protected":false},"author":2,"featured_media":0,"comment_status":"open","ping_status":"open","sticky":false,"template":"","format":"standard","meta":[],"categories":[7],"tags":[],"_links":{"self":[{"href":"https:\/\/www.myparisagency.com\/blog\/wp-json\/wp\/v2\/posts\/1837"}],"collection":[{"href":"https:\/\/www.myparisagency.com\/blog\/wp-json\/wp\/v2\/posts"}],"about":[{"href":"https:\/\/www.myparisagency.com\/blog\/wp-json\/wp\/v2\/types\/post"}],"author":[{"embeddable":true,"href":"https:\/\/www.myparisagency.com\/blog\/wp-json\/wp\/v2\/users\/2"}],"replies":[{"embeddable":true,"href":"https:\/\/www.myparisagency.com\/blog\/wp-json\/wp\/v2\/comments?post=1837"}],"version-history":[{"count":3,"href":"https:\/\/www.myparisagency.com\/blog\/wp-json\/wp\/v2\/posts\/1837\/revisions"}],"predecessor-version":[{"id":2990,"href":"https:\/\/www.myparisagency.com\/blog\/wp-json\/wp\/v2\/posts\/1837\/revisions\/2990"}],"wp:attachment":[{"href":"https:\/\/www.myparisagency.com\/blog\/wp-json\/wp\/v2\/media?parent=1837"}],"wp:term":[{"taxonomy":"category","embeddable":true,"href":"https:\/\/www.myparisagency.com\/blog\/wp-json\/wp\/v2\/categories?post=1837"},{"taxonomy":"post_tag","embeddable":true,"href":"https:\/\/www.myparisagency.com\/blog\/wp-json\/wp\/v2\/tags?post=1837"}],"curies":[{"name":"wp","href":"https:\/\/api.w.org\/{rel}","templated":true}]}}