{"id":182,"date":"2013-03-02T16:09:58","date_gmt":"2013-03-02T15:09:58","guid":{"rendered":"http:\/\/www.myparisagency.com\/blog\/?p=182"},"modified":"2019-07-23T12:37:37","modified_gmt":"2019-07-23T11:37:37","slug":"visitez-insolite-de-la-place-de-la-republique","status":"publish","type":"post","link":"https:\/\/www.myparisagency.com\/blog\/fr\/2013\/03\/02\/visitez-insolite-de-la-place-de-la-republique","title":{"rendered":"Visite insolite Place de la R\u00e9publique"},"content":{"rendered":"<p>Sa livraison est pr\u00e9vue fin 2013, toutefois la<strong><span style=\"color: #3366ff\"> place de la R\u00e9publique<\/span><\/strong> nous d\u00e9voile d\u00e9j\u00e0 ses premiers secrets \u00e0 travers une visite guid\u00e9e d&#8217;une heure du chantier du 7 mars au 1er juin prochain \u00e0 10h ou 14h.<\/p>\n<p>Une fois le projet pr\u00e9sent\u00e9 \u00e0 travers une histoire authentique ax\u00e9e sur diff\u00e9rents th\u00e8mes comme la nouvelle luminosit\u00e9 qui ornera la place ou encore le r\u00f4le primordial de l&#8217;eau, enfilez la peau d&#8217;un v\u00e9ritable homme de chantier avec l&#8217;\u00e9quipement de s\u00e9curit\u00e9 pr\u00eat\u00e9 sur place (casque, bottes et gilet jaune).<\/p>\n<p>Ces visites seront \u00e9galement l&#8217;occasion d&#8217;aborder les nouveaux usages de cette place embl\u00e9matique de 3,4 hectares, d&#8217;\u00e9changer avec les concepteurs et de poser toutes les questions qui n&#8217;auraient pas encore trouv\u00e9 r\u00e9ponse comme par exemple pourquoi avoir attendu autant d&#8217;ann\u00e9es avant de recentrer la statue de Marianne, figure embl\u00e9matique de la Place de la R\u00e9publique, dans l&#8217;axe symbolique R\u00e9publique &#8211; Nation ?<\/p>\n<p>Pour participer, il suffit de s&#8217;inscrire par mail \u00e0 :\u00a0<a href=\"mailto:infoplacedelarepublique@paris.fr\">infoplacedelarepublique@paris.fr\u00a0\u00a0<\/a>en pr\u00e9cisant la date \u00e0 laquelle vous souhaitez visiter le chantier.<\/p>\n","protected":false},"excerpt":{"rendered":"<p>Sa livraison est pr\u00e9vue fin 2013, toutefois la place de la R\u00e9publique nous d\u00e9voile d\u00e9j\u00e0 ses premiers secrets \u00e0 travers une visite guid\u00e9e d&#8217;une heure du chantier du 7 mars au 1er juin prochain \u00e0 10h ou 14h. Une fois le projet pr\u00e9sent\u00e9 \u00e0 travers une histoire authentique ax\u00e9e sur diff\u00e9rents th\u00e8mes comme la nouvelle&hellip;<\/p>\n","protected":false},"author":2,"featured_media":0,"comment_status":"open","ping_status":"open","sticky":false,"template":"","format":"standard","meta":[],"categories":[8],"tags":[],"_links":{"self":[{"href":"https:\/\/www.myparisagency.com\/blog\/wp-json\/wp\/v2\/posts\/182"}],"collection":[{"href":"https:\/\/www.myparisagency.com\/blog\/wp-json\/wp\/v2\/posts"}],"about":[{"href":"https:\/\/www.myparisagency.com\/blog\/wp-json\/wp\/v2\/types\/post"}],"author":[{"embeddable":true,"href":"https:\/\/www.myparisagency.com\/blog\/wp-json\/wp\/v2\/users\/2"}],"replies":[{"embeddable":true,"href":"https:\/\/www.myparisagency.com\/blog\/wp-json\/wp\/v2\/comments?post=182"}],"version-history":[{"count":7,"href":"https:\/\/www.myparisagency.com\/blog\/wp-json\/wp\/v2\/posts\/182\/revisions"}],"predecessor-version":[{"id":3121,"href":"https:\/\/www.myparisagency.com\/blog\/wp-json\/wp\/v2\/posts\/182\/revisions\/3121"}],"wp:attachment":[{"href":"https:\/\/www.myparisagency.com\/blog\/wp-json\/wp\/v2\/media?parent=182"}],"wp:term":[{"taxonomy":"category","embeddable":true,"href":"https:\/\/www.myparisagency.com\/blog\/wp-json\/wp\/v2\/categories?post=182"},{"taxonomy":"post_tag","embeddable":true,"href":"https:\/\/www.myparisagency.com\/blog\/wp-json\/wp\/v2\/tags?post=182"}],"curies":[{"name":"wp","href":"https:\/\/api.w.org\/{rel}","templated":true}]}}