{"id":1790,"date":"2015-01-29T22:48:04","date_gmt":"2015-01-29T21:48:04","guid":{"rendered":"http:\/\/www.myparisagency.com\/blog\/?p=1790"},"modified":"2015-01-21T23:01:13","modified_gmt":"2015-01-21T22:01:13","slug":"javel","status":"publish","type":"post","link":"https:\/\/www.myparisagency.com\/blog\/fr\/2015\/01\/29\/javel","title":{"rendered":"Javel"},"content":{"rendered":"<p>Prenez de la hauteur au 6\u00e8me \u00e9tage d&#8217;un bel immeuble parisien pour d\u00e9couvrir ce splendide appartement de 3 pi\u00e8ces \u00e0 la d\u00e9coration soign\u00e9e. Profitez d&#8217;un emplacement recherch\u00e9 dans le 15\u00e8me arrondissement de Paris dans le quartier de Commerce \u00e0 deux pas du Champ de Mars et de la Tour Eiffel.<\/p>\n<p><a href=\"http:\/\/www.myparisagency.com\/blog\/wp-content\/uploads\/2015\/01\/13.jpg\"><img loading=\"lazy\" class=\"aligncenter size-medium wp-image-1791\" alt=\"1\" src=\"http:\/\/www.myparisagency.com\/blog\/wp-content\/uploads\/2015\/01\/13-300x200.jpg\" width=\"300\" height=\"200\" \/><\/a><\/p>\n<p>D&#8217;une surface de 58 m<sup>2<\/sup>, le Javel s&#8217;ouvre sur un double living confortable modulable en espace nuit avec des portes coulissantes et un canap\u00e9 convertible. La salle \u00e0 manger vous permettra de vous restaurer sur place avec une cuisine ind\u00e9pendante enti\u00e8rement \u00e9quip\u00e9e. Id\u00e9al pour 2 ou 4 personnes, la chambre dispose d&#8217;un lit double et de rangements pour vos effets personnels. Une salle de douche moderne compl\u00e8te ce bien de standing. V\u00e9ritable havre de paix, profitez du soleil parisien gr\u00e2ce au balcon filant de l&#8217;appartement.<\/p>\n<p><a href=\"http:\/\/www.myparisagency.com\/blog\/wp-content\/uploads\/2015\/01\/21.jpg\"><img loading=\"lazy\" class=\"aligncenter size-medium wp-image-1794\" alt=\"2\" src=\"http:\/\/www.myparisagency.com\/blog\/wp-content\/uploads\/2015\/01\/21-300x200.jpg\" width=\"300\" height=\"200\" \/><\/a><\/p>\n<p>Familial et chaleureux, le 15\u00e8me arrondissement est l&#8217;un des plus culturels de la capitale : rendez-vous \u00e0 pied vers le Parc Andr\u00e9 Citro\u00ebn, Commerce, Beaugrenelle, la Tour Eiffel, le Trocad\u00e9ro&#8230; Le m\u00e9tro Boucicaut (ligne 8) au pied de l&#8217;appartement vous permettra de rejoindre les quartiers parisiens de vos envies en toute facilit\u00e9.<\/p>\n","protected":false},"excerpt":{"rendered":"<p>Prenez de la hauteur au 6\u00e8me \u00e9tage d&#8217;un bel immeuble parisien pour d\u00e9couvrir ce splendide appartement de 3 pi\u00e8ces \u00e0 la d\u00e9coration soign\u00e9e. Profitez d&#8217;un emplacement recherch\u00e9 dans le 15\u00e8me arrondissement de Paris dans le quartier de Commerce \u00e0 deux pas du Champ de Mars et de la Tour Eiffel. D&#8217;une surface de 58 m2,&hellip;<\/p>\n","protected":false},"author":2,"featured_media":0,"comment_status":"open","ping_status":"open","sticky":false,"template":"","format":"standard","meta":[],"categories":[5],"tags":[],"_links":{"self":[{"href":"https:\/\/www.myparisagency.com\/blog\/wp-json\/wp\/v2\/posts\/1790"}],"collection":[{"href":"https:\/\/www.myparisagency.com\/blog\/wp-json\/wp\/v2\/posts"}],"about":[{"href":"https:\/\/www.myparisagency.com\/blog\/wp-json\/wp\/v2\/types\/post"}],"author":[{"embeddable":true,"href":"https:\/\/www.myparisagency.com\/blog\/wp-json\/wp\/v2\/users\/2"}],"replies":[{"embeddable":true,"href":"https:\/\/www.myparisagency.com\/blog\/wp-json\/wp\/v2\/comments?post=1790"}],"version-history":[{"count":3,"href":"https:\/\/www.myparisagency.com\/blog\/wp-json\/wp\/v2\/posts\/1790\/revisions"}],"predecessor-version":[{"id":1795,"href":"https:\/\/www.myparisagency.com\/blog\/wp-json\/wp\/v2\/posts\/1790\/revisions\/1795"}],"wp:attachment":[{"href":"https:\/\/www.myparisagency.com\/blog\/wp-json\/wp\/v2\/media?parent=1790"}],"wp:term":[{"taxonomy":"category","embeddable":true,"href":"https:\/\/www.myparisagency.com\/blog\/wp-json\/wp\/v2\/categories?post=1790"},{"taxonomy":"post_tag","embeddable":true,"href":"https:\/\/www.myparisagency.com\/blog\/wp-json\/wp\/v2\/tags?post=1790"}],"curies":[{"name":"wp","href":"https:\/\/api.w.org\/{rel}","templated":true}]}}