{"id":1776,"date":"2015-01-12T11:27:24","date_gmt":"2015-01-12T10:27:24","guid":{"rendered":"http:\/\/www.myparisagency.com\/blog\/?p=1776"},"modified":"2015-01-07T11:34:02","modified_gmt":"2015-01-07T10:34:02","slug":"stendhal","status":"publish","type":"post","link":"https:\/\/www.myparisagency.com\/blog\/fr\/2015\/01\/12\/stendhal","title":{"rendered":"Stendhal"},"content":{"rendered":"<p>Optez pour le privil\u00e8ge de vivre votre s\u00e9jour parisien aux portes du c\u00e9l\u00e8bre P\u00e8re Lachaise o\u00f9 reposent de nombreuses c\u00e9l\u00e9brit\u00e9s comme Edith Piaf ou Alfred de Musset. Au rez-de-chauss\u00e9e d&#8217;un immeuble agr\u00e9able, ce bel appartement de 2 pi\u00e8ces est parfaitement optimis\u00e9 pour le s\u00e9jour de 2 ou 4 personnes dans le quartier chaleureux de Gambetta, dans le 20\u00e8me arrondissement de Paris.<\/p>\n<p><a href=\"http:\/\/www.myparisagency.com\/blog\/wp-content\/uploads\/2015\/01\/11.jpg\"><img loading=\"lazy\" class=\"aligncenter size-medium wp-image-1777\" alt=\"1\" src=\"http:\/\/www.myparisagency.com\/blog\/wp-content\/uploads\/2015\/01\/11-300x200.jpg\" width=\"300\" height=\"200\" \/><\/a><\/p>\n<p>D&#8217;une surface de 28 m<sup>2<\/sup>, le Stendhal d\u00e9voile une pi\u00e8ce \u00e0 vivre confortable et color\u00e9e. Le canap\u00e9 convertible est modulable selon vos besoins. Profitez d&#8217;une TV \u00e0 \u00e9cran plat et d&#8217;Internet en wifi avec un coin bureau pour planifier vos rendez-vous professionnels. La cuisine ouverte est enti\u00e8rement \u00e9quip\u00e9e pour vous restaurer sur place, en famille ou entre amis. L&#8217;espace nuit ind\u00e9pendante dispose d&#8217;un lit-armoire. La salle de douche est dot\u00e9e de WC s\u00e9par\u00e9s.<\/p>\n<p>Au pied du m\u00e9tro Gambetta, rendez-vous facilement vers les monuments les plus embl\u00e9matiques de Paris. A mi-chemin entre Bastille et Nation, ce bien vous permettra de d\u00e9couvrir la capitale en toute facilit\u00e9 et selon vos envies.<\/p>\n<p style=\"text-align: center\">Rendez-vous vite sur www.myparisagency.com pour r\u00e9server ou cliquez sur le lien suivant pour d\u00e9couvrir plus de photos sur l&#8217;appartement :\u00a0<a href=\"http:\/\/www.myparisagency.com\/fr\/appartements\/383\/stendhal\" target=\"_blank\">http:\/\/www.myparisagency.com\/fr\/appartements\/383\/stendhal<\/a><\/p>\n","protected":false},"excerpt":{"rendered":"<p>Optez pour le privil\u00e8ge de vivre votre s\u00e9jour parisien aux portes du c\u00e9l\u00e8bre P\u00e8re Lachaise o\u00f9 reposent de nombreuses c\u00e9l\u00e9brit\u00e9s comme Edith Piaf ou Alfred de Musset. Au rez-de-chauss\u00e9e d&#8217;un immeuble agr\u00e9able, ce bel appartement de 2 pi\u00e8ces est parfaitement optimis\u00e9 pour le s\u00e9jour de 2 ou 4 personnes dans le quartier chaleureux de Gambetta,&hellip;<\/p>\n","protected":false},"author":2,"featured_media":0,"comment_status":"open","ping_status":"open","sticky":false,"template":"","format":"standard","meta":[],"categories":[5],"tags":[],"_links":{"self":[{"href":"https:\/\/www.myparisagency.com\/blog\/wp-json\/wp\/v2\/posts\/1776"}],"collection":[{"href":"https:\/\/www.myparisagency.com\/blog\/wp-json\/wp\/v2\/posts"}],"about":[{"href":"https:\/\/www.myparisagency.com\/blog\/wp-json\/wp\/v2\/types\/post"}],"author":[{"embeddable":true,"href":"https:\/\/www.myparisagency.com\/blog\/wp-json\/wp\/v2\/users\/2"}],"replies":[{"embeddable":true,"href":"https:\/\/www.myparisagency.com\/blog\/wp-json\/wp\/v2\/comments?post=1776"}],"version-history":[{"count":1,"href":"https:\/\/www.myparisagency.com\/blog\/wp-json\/wp\/v2\/posts\/1776\/revisions"}],"predecessor-version":[{"id":1778,"href":"https:\/\/www.myparisagency.com\/blog\/wp-json\/wp\/v2\/posts\/1776\/revisions\/1778"}],"wp:attachment":[{"href":"https:\/\/www.myparisagency.com\/blog\/wp-json\/wp\/v2\/media?parent=1776"}],"wp:term":[{"taxonomy":"category","embeddable":true,"href":"https:\/\/www.myparisagency.com\/blog\/wp-json\/wp\/v2\/categories?post=1776"},{"taxonomy":"post_tag","embeddable":true,"href":"https:\/\/www.myparisagency.com\/blog\/wp-json\/wp\/v2\/tags?post=1776"}],"curies":[{"name":"wp","href":"https:\/\/api.w.org\/{rel}","templated":true}]}}