{"id":1764,"date":"2015-01-06T15:25:10","date_gmt":"2015-01-06T14:25:10","guid":{"rendered":"http:\/\/www.myparisagency.com\/blog\/?p=1764"},"modified":"2019-07-23T11:31:44","modified_gmt":"2019-07-23T10:31:44","slug":"fete-du-graphisme","status":"publish","type":"post","link":"https:\/\/www.myparisagency.com\/blog\/fr\/2015\/01\/06\/fete-du-graphisme","title":{"rendered":"F\u00eate du Graphisme"},"content":{"rendered":"<p>Pour sa 2\u00e8me Edition, la f\u00eate du Graphisme\u00a0investira tout Paris. D\u00e9couvrez dans diff\u00e9rents lieux et sur une multitude de support les nouveaux parcours dans la capitale, entre\u00a0expositions, projections, rencontres, workshops, soir\u00e9es, parcours dans la ville.<\/p>\n<p>Premier \u00e9v\u00e9nement d\u2019envergure internationale enti\u00e8rement d\u00e9di\u00e9 aux arts graphiques, cet \u00e9v\u00e8nement est plac\u00e9\u00a0sous le patronage du minist\u00e8re de la Culture et de la Communication et sous le parrainage\u00a0de la Ville de Paris.<\/p>\n<p>A l&#8217;occasion de cet \u00e9v\u00e8nement, un livre sera \u00e9dit\u00e9 avec\u00a0plus de 500 pages, regroupant des \u0153uvres rarement reproduites et des entretiens,\u00a0sera \u00e9dit\u00e9 aux\u00a0\u00e9ditions du Limonaire.<\/p>\n<p style=\"text-align: center\"><strong><em>http:\/\/www.kisskissbankbank.com\/la-fete-du-graphisme-2015-le-livre<\/em><\/strong><\/p>\n","protected":false},"excerpt":{"rendered":"<p>Pour sa 2\u00e8me Edition, la f\u00eate du Graphisme\u00a0investira tout Paris. D\u00e9couvrez dans diff\u00e9rents lieux et sur une multitude de support les nouveaux parcours dans la capitale, entre\u00a0expositions, projections, rencontres, workshops, soir\u00e9es, parcours dans la ville. Premier \u00e9v\u00e9nement d\u2019envergure internationale enti\u00e8rement d\u00e9di\u00e9 aux arts graphiques, cet \u00e9v\u00e8nement est plac\u00e9\u00a0sous le patronage du minist\u00e8re de la Culture&hellip;<\/p>\n","protected":false},"author":2,"featured_media":0,"comment_status":"open","ping_status":"open","sticky":false,"template":"","format":"standard","meta":[],"categories":[8],"tags":[],"_links":{"self":[{"href":"https:\/\/www.myparisagency.com\/blog\/wp-json\/wp\/v2\/posts\/1764"}],"collection":[{"href":"https:\/\/www.myparisagency.com\/blog\/wp-json\/wp\/v2\/posts"}],"about":[{"href":"https:\/\/www.myparisagency.com\/blog\/wp-json\/wp\/v2\/types\/post"}],"author":[{"embeddable":true,"href":"https:\/\/www.myparisagency.com\/blog\/wp-json\/wp\/v2\/users\/2"}],"replies":[{"embeddable":true,"href":"https:\/\/www.myparisagency.com\/blog\/wp-json\/wp\/v2\/comments?post=1764"}],"version-history":[{"count":4,"href":"https:\/\/www.myparisagency.com\/blog\/wp-json\/wp\/v2\/posts\/1764\/revisions"}],"predecessor-version":[{"id":3001,"href":"https:\/\/www.myparisagency.com\/blog\/wp-json\/wp\/v2\/posts\/1764\/revisions\/3001"}],"wp:attachment":[{"href":"https:\/\/www.myparisagency.com\/blog\/wp-json\/wp\/v2\/media?parent=1764"}],"wp:term":[{"taxonomy":"category","embeddable":true,"href":"https:\/\/www.myparisagency.com\/blog\/wp-json\/wp\/v2\/categories?post=1764"},{"taxonomy":"post_tag","embeddable":true,"href":"https:\/\/www.myparisagency.com\/blog\/wp-json\/wp\/v2\/tags?post=1764"}],"curies":[{"name":"wp","href":"https:\/\/api.w.org\/{rel}","templated":true}]}}