{"id":1756,"date":"2014-12-29T15:04:43","date_gmt":"2014-12-29T14:04:43","guid":{"rendered":"http:\/\/www.myparisagency.com\/blog\/?p=1756"},"modified":"2014-12-29T15:21:17","modified_gmt":"2014-12-29T14:21:17","slug":"le-dome","status":"publish","type":"post","link":"https:\/\/www.myparisagency.com\/blog\/fr\/2014\/12\/29\/le-dome","title":{"rendered":"Le D\u00f4me"},"content":{"rendered":"<p>Optez pour le privil\u00e8ge de vivre au 12\u00e8me \u00e9tage avec ascenseur d&#8217;un immeuble moderne du 15\u00e8me arrondissement pour b\u00e9n\u00e9ficier d&#8217;une vue panoramique sur les plus beaux monuments parisiens. Au coeur du quartier recherch\u00e9 de Montparnasse, ce bien familial de 4 pi\u00e8ces s&#8217;adapte \u00e0 vos s\u00e9jours professionnels ou vos visites touristiques.<\/p>\n<p><a href=\"http:\/\/www.myparisagency.com\/blog\/wp-content\/uploads\/2014\/12\/15.jpg\"><img loading=\"lazy\" class=\"aligncenter size-medium wp-image-1757\" alt=\"1\" src=\"http:\/\/www.myparisagency.com\/blog\/wp-content\/uploads\/2014\/12\/15-300x200.jpg\" width=\"300\" height=\"200\" \/><\/a><\/p>\n<p>D&#8217;une surface de 90 m<sup>2<\/sup>, le D\u00f4me d\u00e9voile une pi\u00e8ce \u00e0 vivre clair et lumineuse avec vue sur Paris et sa Tour Eiffel. Le canap\u00e9 d&#8217;angle vous offre un espace de d\u00e9tente id\u00e9al avec Internet en wifi. Le coin d\u00eenatoire se compose d&#8217;une table \u00e0 manger agr\u00e9able ouverte sur une cuisine enti\u00e8rement \u00e9quip\u00e9e pour vous restaurer sur place. Id\u00e9al pour le s\u00e9jour de 4 personnes, deux chambres doubles compl\u00e8te ce bien de standing. Chaque chambre dispose de sa salle de douche priv\u00e9e et de nombreux espaces de rangement pour vos effets personnels.<\/p>\n<p><a href=\"http:\/\/www.myparisagency.com\/blog\/wp-content\/uploads\/2014\/12\/21.jpg\"><img loading=\"lazy\" class=\"aligncenter size-medium wp-image-1758\" alt=\"2\" src=\"http:\/\/www.myparisagency.com\/blog\/wp-content\/uploads\/2014\/12\/21-300x200.jpg\" width=\"300\" height=\"200\" \/><\/a><\/p>\n<p>Central et chaleureux, le 15\u00e8me arrondissement vous permettra de d\u00e9couvrir pleinement la capitale \u00e0 pied ou en transports en commun avec de nombreuses lignes accessibles au pied de l&#8217;appartement\u00a0(m\u00e9tro 6, 8, 12 et 13). Rejoignez selon vos envies la Tour Eiffel, le Champ de Mars,\u00a0Saint-Germain-des-Pr\u00e9s, Denfert Rochereau,\u00a0les Invalides, le Parc Andr\u00e9 Citro\u00ebn, le Mus\u00e9e des Quais Branly, le Trocad\u00e9ro, le Palais de Tokyo, ou encore la Maison de Radio France.<\/p>\n<p style=\"text-align: center\">Rendez-vous vite sur notre site pour r\u00e9server :\u00a0<a href=\"http:\/\/www.myparisagency.com\/fr\/appartements\/375\/le-dome\" target=\"_blank\">http:\/\/www.myparisagency.com\/fr\/appartements\/375\/le-dome<\/a><\/p>\n","protected":false},"excerpt":{"rendered":"<p>Optez pour le privil\u00e8ge de vivre au 12\u00e8me \u00e9tage avec ascenseur d&#8217;un immeuble moderne du 15\u00e8me arrondissement pour b\u00e9n\u00e9ficier d&#8217;une vue panoramique sur les plus beaux monuments parisiens. Au coeur du quartier recherch\u00e9 de Montparnasse, ce bien familial de 4 pi\u00e8ces s&#8217;adapte \u00e0 vos s\u00e9jours professionnels ou vos visites touristiques. D&#8217;une surface de 90 m2,&hellip;<\/p>\n","protected":false},"author":2,"featured_media":0,"comment_status":"open","ping_status":"open","sticky":false,"template":"","format":"standard","meta":[],"categories":[5],"tags":[],"_links":{"self":[{"href":"https:\/\/www.myparisagency.com\/blog\/wp-json\/wp\/v2\/posts\/1756"}],"collection":[{"href":"https:\/\/www.myparisagency.com\/blog\/wp-json\/wp\/v2\/posts"}],"about":[{"href":"https:\/\/www.myparisagency.com\/blog\/wp-json\/wp\/v2\/types\/post"}],"author":[{"embeddable":true,"href":"https:\/\/www.myparisagency.com\/blog\/wp-json\/wp\/v2\/users\/2"}],"replies":[{"embeddable":true,"href":"https:\/\/www.myparisagency.com\/blog\/wp-json\/wp\/v2\/comments?post=1756"}],"version-history":[{"count":2,"href":"https:\/\/www.myparisagency.com\/blog\/wp-json\/wp\/v2\/posts\/1756\/revisions"}],"predecessor-version":[{"id":1763,"href":"https:\/\/www.myparisagency.com\/blog\/wp-json\/wp\/v2\/posts\/1756\/revisions\/1763"}],"wp:attachment":[{"href":"https:\/\/www.myparisagency.com\/blog\/wp-json\/wp\/v2\/media?parent=1756"}],"wp:term":[{"taxonomy":"category","embeddable":true,"href":"https:\/\/www.myparisagency.com\/blog\/wp-json\/wp\/v2\/categories?post=1756"},{"taxonomy":"post_tag","embeddable":true,"href":"https:\/\/www.myparisagency.com\/blog\/wp-json\/wp\/v2\/tags?post=1756"}],"curies":[{"name":"wp","href":"https:\/\/api.w.org\/{rel}","templated":true}]}}