{"id":1751,"date":"2014-12-23T15:03:43","date_gmt":"2014-12-23T14:03:43","guid":{"rendered":"http:\/\/www.myparisagency.com\/blog\/?p=1751"},"modified":"2019-07-23T11:31:53","modified_gmt":"2019-07-23T10:31:53","slug":"nos-nuits-parisiennes","status":"publish","type":"post","link":"https:\/\/www.myparisagency.com\/blog\/fr\/2014\/12\/23\/nos-nuits-parisiennes","title":{"rendered":"Nos nuits parisiennes"},"content":{"rendered":"<p>Nos nuits parisiennes ont encore de beaux jours devant elles, c\u2019est l\u2019objectif du Conseil de la Nuit qui vient de voir le jour. Le but est de promouvoir la nuit parisienne, la diversifier et imaginer son avenir dans le respect de chacun.<\/p>\n<p>Voici quelques uns de leurs projets :<\/p>\n<ul>\n<li>ouvrir de nouveaux lieux<\/li>\n<li>pr\u00e9voir des m\u00e9tros jusqu&#8217;en 3h du matin en week-end<\/li>\n<li>revoir le r\u00e9seau des bus Noctilien<\/li>\n<li>faire de la pr\u00e9vention contre les conduites \u00e0 risque li\u00e9es \u00e0 l&#8217;alcool<\/li>\n<li>g\u00e9rer la m\u00e9diation avec les probl\u00e8mes de voisinages<\/li>\n<\/ul>\n<p>Plus d&#8217;informations sur :\u00a0http:\/\/www.paris.fr\/accueil\/accueil-paris-fr\/les-nuits-parisiennes-ont-de-beaux-jours-devant-elles\/rub_1_actu_151572_port_24329<\/p>\n","protected":false},"excerpt":{"rendered":"<p>Nos nuits parisiennes ont encore de beaux jours devant elles, c\u2019est l\u2019objectif du Conseil de la Nuit qui vient de voir le jour. Le but est de promouvoir la nuit parisienne, la diversifier et imaginer son avenir dans le respect de chacun. Voici quelques uns de leurs projets : ouvrir de nouveaux lieux pr\u00e9voir des&hellip;<\/p>\n","protected":false},"author":2,"featured_media":0,"comment_status":"open","ping_status":"open","sticky":false,"template":"","format":"standard","meta":[],"categories":[7],"tags":[],"_links":{"self":[{"href":"https:\/\/www.myparisagency.com\/blog\/wp-json\/wp\/v2\/posts\/1751"}],"collection":[{"href":"https:\/\/www.myparisagency.com\/blog\/wp-json\/wp\/v2\/posts"}],"about":[{"href":"https:\/\/www.myparisagency.com\/blog\/wp-json\/wp\/v2\/types\/post"}],"author":[{"embeddable":true,"href":"https:\/\/www.myparisagency.com\/blog\/wp-json\/wp\/v2\/users\/2"}],"replies":[{"embeddable":true,"href":"https:\/\/www.myparisagency.com\/blog\/wp-json\/wp\/v2\/comments?post=1751"}],"version-history":[{"count":2,"href":"https:\/\/www.myparisagency.com\/blog\/wp-json\/wp\/v2\/posts\/1751\/revisions"}],"predecessor-version":[{"id":3003,"href":"https:\/\/www.myparisagency.com\/blog\/wp-json\/wp\/v2\/posts\/1751\/revisions\/3003"}],"wp:attachment":[{"href":"https:\/\/www.myparisagency.com\/blog\/wp-json\/wp\/v2\/media?parent=1751"}],"wp:term":[{"taxonomy":"category","embeddable":true,"href":"https:\/\/www.myparisagency.com\/blog\/wp-json\/wp\/v2\/categories?post=1751"},{"taxonomy":"post_tag","embeddable":true,"href":"https:\/\/www.myparisagency.com\/blog\/wp-json\/wp\/v2\/tags?post=1751"}],"curies":[{"name":"wp","href":"https:\/\/api.w.org\/{rel}","templated":true}]}}