{"id":1726,"date":"2014-12-01T19:06:02","date_gmt":"2014-12-01T18:06:02","guid":{"rendered":"http:\/\/www.myparisagency.com\/blog\/?p=1726"},"modified":"2019-07-23T11:32:30","modified_gmt":"2019-07-23T10:32:30","slug":"ghetto-concept-store","status":"publish","type":"post","link":"https:\/\/www.myparisagency.com\/blog\/fr\/2014\/12\/01\/ghetto-concept-store","title":{"rendered":"Ghetto Concept-Store"},"content":{"rendered":"<p>Le Comptoir G\u00e9n\u00e9ral lance son\u00a0<strong><a title=\"Ghetto Concept-Store Comptoir G\u00e9n\u00e9ral Paris\" href=\"http:\/\/www.parisbouge.com\/place\/3188\">Ghetto Concept-Store<\/a>\u00a0<\/strong>\u00e0 partir de mercredi ! D\u00e8s le 3 d\u00e9cembre, vous pourrez repartir avec le mobilier de vos envies.<\/p>\n<p>Le long des berges du Canal Saint Martin, d\u00e9couvrez un nouveau lieu de vie avec un\u00a0charmant d\u00e9cor \u00e0 la\u00a0<q>Wes Anderson avec des univers riches et vari\u00e9s : l<\/q>e March\u00e9 Noir, royaume du styliste et chineur\u00a0<q>Amah Ayivi<\/q>, plein de fripes rares et color\u00e9es ; la Petite Boutique des Horreurs, la jardinerie tenue par la botaniste\u00a0<q>Sylvie Da Costa\u00a0<\/q>; le Centre des Objets Perdus, rempli des tr\u00e9sors h\u00e9t\u00e9roclites mais\u00a0aussi un coiffeur (Ici Bon Coiffeur), une biblioth\u00e8que et bien s\u00fbr, le disquaire &#8220;Secousse&#8221; pour les amateurs de vinyles<\/p>\n<p>Les parisiens en manque d&#8217;exotisme se laisseront tenter par ce lieu insolite, ouvert tous les jours, de 11h \u00e0 19h,\u00a080, quai de Jemmapes dans le 10\u00e8me arrondissement de Paris.<\/p>\n<p style=\"text-align: center\"><a href=\"http:\/\/www.villaschweppes.com\/article\/le-comptoir-general-lance-son-ghetto-concept-store_a6360\/www.lecomptoirgeneral.com\" target=\"_blank\" rel=\"nofollow\">Le site internet du Comptoir G\u00e9n\u00e9ral<\/a><\/p>\n","protected":false},"excerpt":{"rendered":"<p>Le Comptoir G\u00e9n\u00e9ral lance son\u00a0Ghetto Concept-Store\u00a0\u00e0 partir de mercredi ! D\u00e8s le 3 d\u00e9cembre, vous pourrez repartir avec le mobilier de vos envies. Le long des berges du Canal Saint Martin, d\u00e9couvrez un nouveau lieu de vie avec un\u00a0charmant d\u00e9cor \u00e0 la\u00a0Wes Anderson avec des univers riches et vari\u00e9s : le March\u00e9 Noir, royaume du&hellip;<\/p>\n","protected":false},"author":2,"featured_media":0,"comment_status":"open","ping_status":"open","sticky":false,"template":"","format":"standard","meta":[],"categories":[8],"tags":[],"_links":{"self":[{"href":"https:\/\/www.myparisagency.com\/blog\/wp-json\/wp\/v2\/posts\/1726"}],"collection":[{"href":"https:\/\/www.myparisagency.com\/blog\/wp-json\/wp\/v2\/posts"}],"about":[{"href":"https:\/\/www.myparisagency.com\/blog\/wp-json\/wp\/v2\/types\/post"}],"author":[{"embeddable":true,"href":"https:\/\/www.myparisagency.com\/blog\/wp-json\/wp\/v2\/users\/2"}],"replies":[{"embeddable":true,"href":"https:\/\/www.myparisagency.com\/blog\/wp-json\/wp\/v2\/comments?post=1726"}],"version-history":[{"count":3,"href":"https:\/\/www.myparisagency.com\/blog\/wp-json\/wp\/v2\/posts\/1726\/revisions"}],"predecessor-version":[{"id":3007,"href":"https:\/\/www.myparisagency.com\/blog\/wp-json\/wp\/v2\/posts\/1726\/revisions\/3007"}],"wp:attachment":[{"href":"https:\/\/www.myparisagency.com\/blog\/wp-json\/wp\/v2\/media?parent=1726"}],"wp:term":[{"taxonomy":"category","embeddable":true,"href":"https:\/\/www.myparisagency.com\/blog\/wp-json\/wp\/v2\/categories?post=1726"},{"taxonomy":"post_tag","embeddable":true,"href":"https:\/\/www.myparisagency.com\/blog\/wp-json\/wp\/v2\/tags?post=1726"}],"curies":[{"name":"wp","href":"https:\/\/api.w.org\/{rel}","templated":true}]}}