{"id":1621,"date":"2014-08-02T13:27:20","date_gmt":"2014-08-02T12:27:20","guid":{"rendered":"http:\/\/www.myparisagency.com\/blog\/?p=1621"},"modified":"2019-07-23T11:36:23","modified_gmt":"2019-07-23T10:36:23","slug":"cinema-au-clair-de-lune","status":"publish","type":"post","link":"https:\/\/www.myparisagency.com\/blog\/fr\/2014\/08\/02\/cinema-au-clair-de-lune","title":{"rendered":"Cin\u00e9ma au clair de Lune"},"content":{"rendered":"<p>Du 31 juillet au 10 ao\u00fbt, c&#8217;est le retour tant attendu de\u00a0Cin\u00e9ma au clair de lune. Pour sa 14\u00e8me \u00e9dition, d\u00e9couvrez 9 projections en plein air \u00e0 Paris sous la coupe du Forum des Images. Un soir, un nouveau lieu :\u00a0parc, jardin, place ou pelouse qui se transforme \u00e0 la nuit tomb\u00e9e en cin\u00e9ma \u00e0 ciel\u00a0ouvert, le temps d\u2019un film projet\u00e9 sur un\u00a0\u00e9cran\u00a0g\u00e9ant itin\u00e9rant.<\/p>\n<p>Les festivit\u00e9s commencent sur les escaliers de la Butte, d\u00e9cor id\u00e9al pour la projection du palpitant polar de Jules Dassin,\u00a0<em>Du Rififi chez les hommes<\/em>. Tony le St\u00e9phanois y monte le casse du si\u00e8cle mais motus&#8230; La suite \u00e0\u00a0 Montmartre au soir du 31 juillet. Le lendemain, rendez-vous place des Vosges pour\u00a0<em>Pr\u00eate-moi ta main. <\/em>Le Parc Montsouris vous emm\u00e8ne dans le Paris du d\u00e9but du 20e si\u00e8cle pour suivre\u00a0<em>Les Aventures extraordinaires d\u2019Ad\u00e8le Blanc-Sec<\/em>, puis valse avec Ophuls et\u00a0<em>Madame de<\/em>\u00a0avant de faire cap au soleil en compagnie des\u00a0<em>Aventuriers<\/em>\u00a0de Robert Enrico. Au Parc de Choisy, ne manquez pas\u00a0<em>Confidences pour confidences<\/em>, avant de grimper place des F\u00eates et sur les toits pour\u00a0<em>Une vie de chat<\/em>.\u00a0<em>Le Jour et l\u2019heure<\/em>\u00a0de la Lib\u00e9ration approchent, que l\u2019on d\u00e9couvre devant l\u2019\u00e9glise Saint-Eustache, avant de saluer Alain Resnais et ses fabuleux troubadours d\u2019<em>On conna\u00eet la chanson<\/em>\u00a0sur l\u2019esplanade des Invalides.<\/p>\n<p style=\"text-align: center\">N&#8217;h\u00e9sitez plus et d\u00e9couvrez vite le programme de ce cin\u00e9ma \u00e0 la belle \u00e9toile :\u00a0http:\/\/www.forumdesimages.fr\/les-films\/les-programmes\/cinema-au-clair-de-lune_1\/presentation-du-festival-cinema-au-clair-de-lune<\/p>\n","protected":false},"excerpt":{"rendered":"<p>Du 31 juillet au 10 ao\u00fbt, c&#8217;est le retour tant attendu de\u00a0Cin\u00e9ma au clair de lune. Pour sa 14\u00e8me \u00e9dition, d\u00e9couvrez 9 projections en plein air \u00e0 Paris sous la coupe du Forum des Images. Un soir, un nouveau lieu :\u00a0parc, jardin, place ou pelouse qui se transforme \u00e0 la nuit tomb\u00e9e en cin\u00e9ma \u00e0&hellip;<\/p>\n","protected":false},"author":2,"featured_media":0,"comment_status":"open","ping_status":"open","sticky":false,"template":"","format":"standard","meta":[],"categories":[6],"tags":[],"_links":{"self":[{"href":"https:\/\/www.myparisagency.com\/blog\/wp-json\/wp\/v2\/posts\/1621"}],"collection":[{"href":"https:\/\/www.myparisagency.com\/blog\/wp-json\/wp\/v2\/posts"}],"about":[{"href":"https:\/\/www.myparisagency.com\/blog\/wp-json\/wp\/v2\/types\/post"}],"author":[{"embeddable":true,"href":"https:\/\/www.myparisagency.com\/blog\/wp-json\/wp\/v2\/users\/2"}],"replies":[{"embeddable":true,"href":"https:\/\/www.myparisagency.com\/blog\/wp-json\/wp\/v2\/comments?post=1621"}],"version-history":[{"count":2,"href":"https:\/\/www.myparisagency.com\/blog\/wp-json\/wp\/v2\/posts\/1621\/revisions"}],"predecessor-version":[{"id":3022,"href":"https:\/\/www.myparisagency.com\/blog\/wp-json\/wp\/v2\/posts\/1621\/revisions\/3022"}],"wp:attachment":[{"href":"https:\/\/www.myparisagency.com\/blog\/wp-json\/wp\/v2\/media?parent=1621"}],"wp:term":[{"taxonomy":"category","embeddable":true,"href":"https:\/\/www.myparisagency.com\/blog\/wp-json\/wp\/v2\/categories?post=1621"},{"taxonomy":"post_tag","embeddable":true,"href":"https:\/\/www.myparisagency.com\/blog\/wp-json\/wp\/v2\/tags?post=1621"}],"curies":[{"name":"wp","href":"https:\/\/api.w.org\/{rel}","templated":true}]}}