{"id":1614,"date":"2014-07-12T14:09:46","date_gmt":"2014-07-12T13:09:46","guid":{"rendered":"http:\/\/www.myparisagency.com\/blog\/?p=1614"},"modified":"2019-07-23T11:36:52","modified_gmt":"2019-07-23T10:36:52","slug":"les-annees-50","status":"publish","type":"post","link":"https:\/\/www.myparisagency.com\/blog\/fr\/2014\/07\/12\/les-annees-50","title":{"rendered":"Les ann\u00e9es 50"},"content":{"rendered":"<p>Ce samedi 12 juillet d\u00e9bute une magnifique exposition consacr\u00e9e \u00e0 la Mode en France de 1947 \u00e0 1957 au Palais Galliera. Cette exposition retrace l&#8217;\u00e2ge d&#8217;or de la\u00a0haute-couture\u00a0et l&#8217;av\u00e8nement du\u00a0pr\u00eat-\u00e0-porter avec des styles devenus aujourd&#8217;hui intemporels.<\/p>\n<p>D\u00e8s la fin de la guerre, les femmes sont \u00e0 la recherche d&#8217;un renouveau vestimentaire. A l&#8217;\u00e9poque, les femmes qui en avaient les moyens se changeaient au moins 4 fois par jour :\u00a0\u00a0robes du matin, de l&#8217;apr\u00e8s-midi, du petit soir et du grand soir, sans parler des autres robes de cocktails et robes de bal. Un v\u00e9ritable d\u00e9fil\u00e9 d&#8217;oeuvres d&#8217;arts avec des cr\u00e9ations soign\u00e9es dans le moindre d\u00e9tail par les plus grands couturiers.\u00a0La r\u00e9volution commence d\u00e8s 1947 avec la toute premi\u00e8re collection d&#8217;un certain\u00a0<em>Christian Dior<\/em>, qui sera \u00e0 l&#8217;origine du<em>\u00ab New Look \u00bb<\/em>\u00a0: une silhouette &#8220;sablier&#8221; embl\u00e9matique de l&#8217;\u00e9poque.\u00a0T\u00e9moignant de l&#8217;importance de ce secteur, l&#8217;un des plus dynamiques \u00e9conomiquement en ce temps, bon nombre de maisons de couture sont devenues \u00ab patrimoine national \u00bb telles que\u00a0<em>Pierre Balmain<\/em>,\u00a0<em>Hubert de Givenchy<\/em>,\u00a0<em>Pierre Cardin<\/em>&#8230;<\/p>\n<p>Du 12 juillet au 2 novembre 2014 au\u00a0<a title=\"Palais Galliera\" href=\"http:\/\/www.parisbouge.com\/place\/2308\/\">Palais Galliera, Mus\u00e9e de la mode de Paris<\/a>, 10 avenue Pierre 1er de Serbie, Paris 16\u00e8me. Le mus\u00e9e est ouvert du mardi au dimanche de 10h \u00e0 18h et ferm\u00e9 le lundi et jours f\u00e9ri\u00e9s. Des nocturnes sont organis\u00e9es le jeudi jusqu&#8217;\u00e0 21h. Billets en vente sur internet ou sur place au tarif de 8 \u20ac, 6 \u20ac en tarif r\u00e9duit, 4 \u20ac en tarif jeune et gratuit pour les moins de 14 ans.<\/p>\n","protected":false},"excerpt":{"rendered":"<p>Ce samedi 12 juillet d\u00e9bute une magnifique exposition consacr\u00e9e \u00e0 la Mode en France de 1947 \u00e0 1957 au Palais Galliera. Cette exposition retrace l&#8217;\u00e2ge d&#8217;or de la\u00a0haute-couture\u00a0et l&#8217;av\u00e8nement du\u00a0pr\u00eat-\u00e0-porter avec des styles devenus aujourd&#8217;hui intemporels. D\u00e8s la fin de la guerre, les femmes sont \u00e0 la recherche d&#8217;un renouveau vestimentaire. A l&#8217;\u00e9poque, les femmes&hellip;<\/p>\n","protected":false},"author":2,"featured_media":0,"comment_status":"open","ping_status":"open","sticky":false,"template":"","format":"standard","meta":[],"categories":[4],"tags":[],"_links":{"self":[{"href":"https:\/\/www.myparisagency.com\/blog\/wp-json\/wp\/v2\/posts\/1614"}],"collection":[{"href":"https:\/\/www.myparisagency.com\/blog\/wp-json\/wp\/v2\/posts"}],"about":[{"href":"https:\/\/www.myparisagency.com\/blog\/wp-json\/wp\/v2\/types\/post"}],"author":[{"embeddable":true,"href":"https:\/\/www.myparisagency.com\/blog\/wp-json\/wp\/v2\/users\/2"}],"replies":[{"embeddable":true,"href":"https:\/\/www.myparisagency.com\/blog\/wp-json\/wp\/v2\/comments?post=1614"}],"version-history":[{"count":2,"href":"https:\/\/www.myparisagency.com\/blog\/wp-json\/wp\/v2\/posts\/1614\/revisions"}],"predecessor-version":[{"id":3025,"href":"https:\/\/www.myparisagency.com\/blog\/wp-json\/wp\/v2\/posts\/1614\/revisions\/3025"}],"wp:attachment":[{"href":"https:\/\/www.myparisagency.com\/blog\/wp-json\/wp\/v2\/media?parent=1614"}],"wp:term":[{"taxonomy":"category","embeddable":true,"href":"https:\/\/www.myparisagency.com\/blog\/wp-json\/wp\/v2\/categories?post=1614"},{"taxonomy":"post_tag","embeddable":true,"href":"https:\/\/www.myparisagency.com\/blog\/wp-json\/wp\/v2\/tags?post=1614"}],"curies":[{"name":"wp","href":"https:\/\/api.w.org\/{rel}","templated":true}]}}