{"id":1610,"date":"2014-07-18T14:59:05","date_gmt":"2014-07-18T13:59:05","guid":{"rendered":"http:\/\/www.myparisagency.com\/blog\/?p=1610"},"modified":"2019-07-23T11:36:43","modified_gmt":"2019-07-23T10:36:43","slug":"ete-defacto","status":"publish","type":"post","link":"https:\/\/www.myparisagency.com\/blog\/fr\/2014\/07\/18\/ete-defacto","title":{"rendered":"Et\u00e9 Defacto"},"content":{"rendered":"<p>Pour la deuxi\u00e8me ann\u00e9e cons\u00e9cutive, Defacto vous a concoct\u00e9 un \u00e9t\u00e9 festif, chaleureux et convivial du 17 juillet au 24 ao\u00fbt sur le parvis de la D\u00e9fense\u00a0\u00a0pour insuffler un vent estival aux travailleurs n&#8217;ayant pas eu la chance de partir en vacances.<\/p>\n<p>Entre deux r\u00e9unions, rendez-vous sous le soleil de la D\u00e9fense\u00a0avec de nombreuses activit\u00e9s en continu ou ponctuelles. Ainsi, vous pourrez profiter tout au long de la journ\u00e9e d&#8217;un stand de\u00a0book crossing\u00a0(\u00e9change gratuit de livres), de jeux de soci\u00e9t\u00e9, de nombreuses animations sportives (badminton, ping-pong, mini golf&#8230;) ou m\u00eame de\u00a0<a href=\"http:\/\/www.parisbouge.com\/mag\/articles\/guide-des-food-trucks-a-paris-l-interminable-liste-des-food-trucks-parisiens-1265\">food-trucks<\/a>\u00a0pour la pause d\u00e9jeuner. Ne soyez plus stress\u00e9 par le boulot, et d\u00e9tendez-vous avec des cours de yoga, pilates et body balances les lundis et jeudis, mais aussi de\u00a0la gym su\u00e9doise, de la Zumba ou du body combat.<\/p>\n<p><span style=\"font-size: 13px\">Et bien s\u00fbr, venez partager entre coll\u00e8gues et amis les traditionnels afterworks du jeudi soirs ou les concerts du vendredi, des activit\u00e9s gratuites pour la plupart avec une inscription pour les cours de sport par exemple.\u00a0<\/span><\/p>\n<p style=\"text-align: center\">Inscriptions et d\u00e9tail du programme sur\u00a0<a href=\"http:\/\/www.ladefense.fr\/ete-defacto\" target=\"_blank\">www.ladefense.fr<\/a>.<\/p>\n","protected":false},"excerpt":{"rendered":"<p>Pour la deuxi\u00e8me ann\u00e9e cons\u00e9cutive, Defacto vous a concoct\u00e9 un \u00e9t\u00e9 festif, chaleureux et convivial du 17 juillet au 24 ao\u00fbt sur le parvis de la D\u00e9fense\u00a0\u00a0pour insuffler un vent estival aux travailleurs n&#8217;ayant pas eu la chance de partir en vacances. Entre deux r\u00e9unions, rendez-vous sous le soleil de la D\u00e9fense\u00a0avec de nombreuses activit\u00e9s&hellip;<\/p>\n","protected":false},"author":2,"featured_media":0,"comment_status":"open","ping_status":"open","sticky":false,"template":"","format":"standard","meta":[],"categories":[8],"tags":[],"_links":{"self":[{"href":"https:\/\/www.myparisagency.com\/blog\/wp-json\/wp\/v2\/posts\/1610"}],"collection":[{"href":"https:\/\/www.myparisagency.com\/blog\/wp-json\/wp\/v2\/posts"}],"about":[{"href":"https:\/\/www.myparisagency.com\/blog\/wp-json\/wp\/v2\/types\/post"}],"author":[{"embeddable":true,"href":"https:\/\/www.myparisagency.com\/blog\/wp-json\/wp\/v2\/users\/2"}],"replies":[{"embeddable":true,"href":"https:\/\/www.myparisagency.com\/blog\/wp-json\/wp\/v2\/comments?post=1610"}],"version-history":[{"count":2,"href":"https:\/\/www.myparisagency.com\/blog\/wp-json\/wp\/v2\/posts\/1610\/revisions"}],"predecessor-version":[{"id":3024,"href":"https:\/\/www.myparisagency.com\/blog\/wp-json\/wp\/v2\/posts\/1610\/revisions\/3024"}],"wp:attachment":[{"href":"https:\/\/www.myparisagency.com\/blog\/wp-json\/wp\/v2\/media?parent=1610"}],"wp:term":[{"taxonomy":"category","embeddable":true,"href":"https:\/\/www.myparisagency.com\/blog\/wp-json\/wp\/v2\/categories?post=1610"},{"taxonomy":"post_tag","embeddable":true,"href":"https:\/\/www.myparisagency.com\/blog\/wp-json\/wp\/v2\/tags?post=1610"}],"curies":[{"name":"wp","href":"https:\/\/api.w.org\/{rel}","templated":true}]}}