{"id":1594,"date":"2014-07-31T11:02:11","date_gmt":"2014-07-31T10:02:11","guid":{"rendered":"http:\/\/www.myparisagency.com\/blog\/?p=1594"},"modified":"2014-07-21T11:53:12","modified_gmt":"2014-07-21T10:53:12","slug":"nation","status":"publish","type":"post","link":"https:\/\/www.myparisagency.com\/blog\/fr\/2014\/07\/31\/nation","title":{"rendered":"Nation"},"content":{"rendered":"<p>La tumulte de la ville, un havre de paix. Au pied de la place de la Nation, ce magnifique appartement de 2 pi\u00e8ces b\u00e9n\u00e9ficie de deux avantages rares \u00e0 Paris : un ascenseur et une belle terrasse am\u00e9nag\u00e9e. Au 7\u00e8me \u00e9tage d&#8217;un immeuble moderne, p\u00e9n\u00e9trez dans l&#8217;antre de ce bien moderne r\u00e9cemment refait \u00e0 neuf au coeur du 12\u00e8me arrondissement de Paris.<\/p>\n<p><a href=\"http:\/\/www.myparisagency.com\/blog\/wp-content\/uploads\/2014\/07\/15.jpg\"><img loading=\"lazy\" class=\"aligncenter size-medium wp-image-1596\" alt=\"1\" src=\"http:\/\/www.myparisagency.com\/blog\/wp-content\/uploads\/2014\/07\/15-300x200.jpg\" width=\"300\" height=\"200\" \/><\/a><\/p>\n<p>D&#8217;une surface de 50 m<sup>2<\/sup>, l&#8217;appartement Nation d\u00e9voile un univers moderne et design. Acc\u00e9dez au s\u00e9jour clair et lumineux et relaxez-vous sur le canap\u00e9 d&#8217;angle en face de la TV \u00e0 \u00e9cran plat dot\u00e9e d&#8217;Internet en wifi. Construite \u00e0 l&#8217;am\u00e9ricaine, la cuisine est enti\u00e8rement \u00e9quip\u00e9e pour vous restaurer sur place autour de la table \u00e0 manger. Id\u00e9al pour le s\u00e9jour de 2 personnes, savourez vos nuits dans la grande chambre double. Un grand dressing vous permettra de ranger vos effets personnels. Une salle de douche de type pluie tropicale compl\u00e8te ce bien de standing.<\/p>\n<p><a href=\"http:\/\/www.myparisagency.com\/blog\/wp-content\/uploads\/2014\/07\/24.jpg\"><img loading=\"lazy\" class=\"aligncenter size-medium wp-image-1595\" alt=\"2\" src=\"http:\/\/www.myparisagency.com\/blog\/wp-content\/uploads\/2014\/07\/24-300x200.jpg\" width=\"300\" height=\"200\" \/><\/a><\/p>\n<p>Magnifique condens\u00e9 de la vie parisienne, le 12\u00e8me arrondissement regorge de lieux \u00e0 d\u00e9couvrir :\u00a0La Place de la Bastille, le port de l\u2019Arsenal, la place des Vosges, le march\u00e9 d\u2019Aligre, la Gare de Lyon, le Marais, Rivoli. Gr\u00e2ce aux transports en commun (m\u00e9tro 1, 2, 6, 9 et RER A) rendez-vous facilement dans les autres quartiers parisiens : les Champs Elys\u00e9es, le Louvre et ses Tuileries, Saint-Germain et son quartier Latin, Haussmann et Op\u00e9ra&#8230;<\/p>\n<p style=\"text-align: center\">R\u00e9servez vite votre appartement parisien :\u00a0<a href=\"http:\/\/www.myparisagency.com\/fr\/appartements\/344\/nation\" target=\"_blank\">http:\/\/www.myparisagency.com\/fr\/appartements\/344\/nation<\/a><\/p>\n","protected":false},"excerpt":{"rendered":"<p>La tumulte de la ville, un havre de paix. Au pied de la place de la Nation, ce magnifique appartement de 2 pi\u00e8ces b\u00e9n\u00e9ficie de deux avantages rares \u00e0 Paris : un ascenseur et une belle terrasse am\u00e9nag\u00e9e. Au 7\u00e8me \u00e9tage d&#8217;un immeuble moderne, p\u00e9n\u00e9trez dans l&#8217;antre de ce bien moderne r\u00e9cemment refait \u00e0 neuf&hellip;<\/p>\n","protected":false},"author":2,"featured_media":0,"comment_status":"open","ping_status":"open","sticky":false,"template":"","format":"standard","meta":[],"categories":[5],"tags":[],"_links":{"self":[{"href":"https:\/\/www.myparisagency.com\/blog\/wp-json\/wp\/v2\/posts\/1594"}],"collection":[{"href":"https:\/\/www.myparisagency.com\/blog\/wp-json\/wp\/v2\/posts"}],"about":[{"href":"https:\/\/www.myparisagency.com\/blog\/wp-json\/wp\/v2\/types\/post"}],"author":[{"embeddable":true,"href":"https:\/\/www.myparisagency.com\/blog\/wp-json\/wp\/v2\/users\/2"}],"replies":[{"embeddable":true,"href":"https:\/\/www.myparisagency.com\/blog\/wp-json\/wp\/v2\/comments?post=1594"}],"version-history":[{"count":2,"href":"https:\/\/www.myparisagency.com\/blog\/wp-json\/wp\/v2\/posts\/1594\/revisions"}],"predecessor-version":[{"id":1604,"href":"https:\/\/www.myparisagency.com\/blog\/wp-json\/wp\/v2\/posts\/1594\/revisions\/1604"}],"wp:attachment":[{"href":"https:\/\/www.myparisagency.com\/blog\/wp-json\/wp\/v2\/media?parent=1594"}],"wp:term":[{"taxonomy":"category","embeddable":true,"href":"https:\/\/www.myparisagency.com\/blog\/wp-json\/wp\/v2\/categories?post=1594"},{"taxonomy":"post_tag","embeddable":true,"href":"https:\/\/www.myparisagency.com\/blog\/wp-json\/wp\/v2\/tags?post=1594"}],"curies":[{"name":"wp","href":"https:\/\/api.w.org\/{rel}","templated":true}]}}