{"id":1589,"date":"2014-07-26T10:42:05","date_gmt":"2014-07-26T09:42:05","guid":{"rendered":"http:\/\/www.myparisagency.com\/blog\/?p=1589"},"modified":"2014-07-21T11:53:48","modified_gmt":"2014-07-21T10:53:48","slug":"versailles","status":"publish","type":"post","link":"https:\/\/www.myparisagency.com\/blog\/fr\/2014\/07\/26\/versailles","title":{"rendered":"Versailles"},"content":{"rendered":"<p>Donnez \u00e0 votre s\u00e9jour une authenticit\u00e9 parisienne dans ce magnifique appartement de 2 pi\u00e8ces situ\u00e9 avenue de Versailles, au coeur du 16\u00e8me arrondissement de Paris. Au rez-de-chauss\u00e9e d&#8217;un immeuble bourgeois, poussez les portes de ce bien de standing pour un s\u00e9jour \u00e0 2 ou 3 personnes.<\/p>\n<p><a href=\"http:\/\/www.myparisagency.com\/blog\/wp-content\/uploads\/2014\/07\/14.jpg\"><img loading=\"lazy\" class=\"aligncenter size-medium wp-image-1592\" alt=\"1\" src=\"http:\/\/www.myparisagency.com\/blog\/wp-content\/uploads\/2014\/07\/14-300x200.jpg\" width=\"300\" height=\"200\" \/><\/a><\/p>\n<p>D&#8217;une surface de 56 m<sup>2<\/sup>, le Versailles d\u00e9voile une vaste entr\u00e9e avec un parquet en bois ancien donnant sur le s\u00e9jour. La m\u00e9ridienne convertible accueillera un adulte ou deux enfants pour un espace nuit confortable. La TV \u00e0 \u00e9cran plat se trouve juste en face et l&#8217;appartement dispose d&#8217;Internet. Semi-ouverte, la cuisine est enti\u00e8rement \u00e9quip\u00e9e pour vous restaurer sur place autour de la table \u00e0 manger du salon. Savourez vos nuits dans la chambre double avec son lit \u00e0 baldaquins, tr\u00e8s romantique si vous passez votre s\u00e9jour en amoureux. Le grand placard vous permettra de ranger vos effets personnels. La salle de douche moderne est de type pluie tropicale et se compose d&#8217;une double vasque, de WC et d&#8217;une machine \u00e0 laver.<\/p>\n<p><a href=\"http:\/\/www.myparisagency.com\/blog\/wp-content\/uploads\/2014\/07\/23.jpg\"><img loading=\"lazy\" class=\"aligncenter size-medium wp-image-1591\" alt=\"2\" src=\"http:\/\/www.myparisagency.com\/blog\/wp-content\/uploads\/2014\/07\/23-300x200.jpg\" width=\"300\" height=\"200\" \/><\/a><\/p>\n<p>Longue de plus de 2km, l&#8217;avenue de Versailles appartient au Village d&#8217;Auteuil. Rendez-vous \u00e0 pied vers une multitude de lieux culturels incontournables dont la Tour Effel qu&#8217;on peut voir au bout de la rue mais aussi le mus\u00e9e du Vin, la Maison de la Radio, ou encore la maison de Balzac, rue Raynouard. Accessibles \u00e0 pied, v\u00e9ritable luxe pour Paris, traversez la Seine pour rejoindre le Champ de Mars. Parfaitement desservi par les transports en commun (m\u00e9tro Mirabeau, ligne 10 ou RER Avenue du Pr\u00e9sident Kennedy) d\u00e9placez-vous selon vos envies vers les autres quartiers parisiens de votre choix.<\/p>\n<p style=\"text-align: center\">R\u00e9servez vite votre appartement parisien :\u00a0<a href=\"http:\/\/www.myparisagency.com\/fr\/appartements\/343\/versailles\" target=\"_blank\">http:\/\/www.myparisagency.com\/fr\/appartements\/343\/versailles<\/a><\/p>\n","protected":false},"excerpt":{"rendered":"<p>Donnez \u00e0 votre s\u00e9jour une authenticit\u00e9 parisienne dans ce magnifique appartement de 2 pi\u00e8ces situ\u00e9 avenue de Versailles, au coeur du 16\u00e8me arrondissement de Paris. Au rez-de-chauss\u00e9e d&#8217;un immeuble bourgeois, poussez les portes de ce bien de standing pour un s\u00e9jour \u00e0 2 ou 3 personnes. D&#8217;une surface de 56 m2, le Versailles d\u00e9voile une&hellip;<\/p>\n","protected":false},"author":2,"featured_media":0,"comment_status":"open","ping_status":"open","sticky":false,"template":"","format":"standard","meta":[],"categories":[5],"tags":[],"_links":{"self":[{"href":"https:\/\/www.myparisagency.com\/blog\/wp-json\/wp\/v2\/posts\/1589"}],"collection":[{"href":"https:\/\/www.myparisagency.com\/blog\/wp-json\/wp\/v2\/posts"}],"about":[{"href":"https:\/\/www.myparisagency.com\/blog\/wp-json\/wp\/v2\/types\/post"}],"author":[{"embeddable":true,"href":"https:\/\/www.myparisagency.com\/blog\/wp-json\/wp\/v2\/users\/2"}],"replies":[{"embeddable":true,"href":"https:\/\/www.myparisagency.com\/blog\/wp-json\/wp\/v2\/comments?post=1589"}],"version-history":[{"count":2,"href":"https:\/\/www.myparisagency.com\/blog\/wp-json\/wp\/v2\/posts\/1589\/revisions"}],"predecessor-version":[{"id":1605,"href":"https:\/\/www.myparisagency.com\/blog\/wp-json\/wp\/v2\/posts\/1589\/revisions\/1605"}],"wp:attachment":[{"href":"https:\/\/www.myparisagency.com\/blog\/wp-json\/wp\/v2\/media?parent=1589"}],"wp:term":[{"taxonomy":"category","embeddable":true,"href":"https:\/\/www.myparisagency.com\/blog\/wp-json\/wp\/v2\/categories?post=1589"},{"taxonomy":"post_tag","embeddable":true,"href":"https:\/\/www.myparisagency.com\/blog\/wp-json\/wp\/v2\/tags?post=1589"}],"curies":[{"name":"wp","href":"https:\/\/api.w.org\/{rel}","templated":true}]}}