{"id":1581,"date":"2014-07-15T11:20:59","date_gmt":"2014-07-15T10:20:59","guid":{"rendered":"http:\/\/www.myparisagency.com\/blog\/?p=1581"},"modified":"2014-07-21T11:56:56","modified_gmt":"2014-07-21T10:56:56","slug":"citroen","status":"publish","type":"post","link":"https:\/\/www.myparisagency.com\/blog\/fr\/2014\/07\/15\/citroen","title":{"rendered":"Citro\u00ebn"},"content":{"rendered":"<p>A Paris comme chez vous dans ce splendide appartement de 2 pi\u00e8ces r\u00e9cemment refait \u00e0 neuf dans un esprit moderne.\u00a0Au 5\u00e8me \u00e9tage sans ascenseur d&#8217;un immeuble arbor\u00e9 du 15\u00e8me arrondissement, s\u00e9journez aux abords du Champ de Mars et de sa Tour Eiffel, rue Saint Charles.<\/p>\n<p><a href=\"http:\/\/www.myparisagency.com\/blog\/wp-content\/uploads\/2014\/07\/11.jpg\"><img loading=\"lazy\" class=\"aligncenter size-medium wp-image-1582\" alt=\"1\" src=\"http:\/\/www.myparisagency.com\/blog\/wp-content\/uploads\/2014\/07\/11-300x200.jpg\" width=\"300\" height=\"200\" \/><\/a><\/p>\n<p>D&#8217;une surface de 40 m<sup>2<\/sup>, le Citro\u00ebn d\u00e9voile un int\u00e9rieur design avec un canap\u00e9 rouge en velours confortable. La TV \u00e0 \u00e9cran plat dispose d&#8217;Internet en wifi. A l&#8217;am\u00e9ricaine, la cuisine est enti\u00e8rement \u00e9quip\u00e9e pour vous restaurer sur place autour de la table \u00e0 manger du s\u00e9jour. Id\u00e9al pour 2 personnes, savourez vos nuits dans la chambre double dot\u00e9e de nombreux espaces de rangements pour vos effets personnels.\u00a0Une belle salle de bains avec machine \u00e0 laver compl\u00e8te ce bien de standing.<\/p>\n<p><a href=\"http:\/\/www.myparisagency.com\/blog\/wp-content\/uploads\/2014\/07\/21.jpg\"><img loading=\"lazy\" class=\"aligncenter size-medium wp-image-1583\" alt=\"2\" src=\"http:\/\/www.myparisagency.com\/blog\/wp-content\/uploads\/2014\/07\/21-300x200.jpg\" width=\"300\" height=\"200\" \/><\/a><\/p>\n<p>Calme et chaleureux \u00e0 l&#8217;atmosph\u00e8re de village, le 15\u00e8me arrondissement est un quartier central pour d\u00e9buter vos visites touristiques ou organiser vos rendez-vous professionnels. Rendez-vous \u00e0 pied vers la Porte de Versailles et vers de nombreux monuments parisiens :\u00a0La Tour Eiffel, le Champ de Mars, le Mus\u00e9e du Quai Branly, le Trocad\u00e9ro, le Palais de Tokyo, Ecole Militaire, les Invalides, Maison de Radio France, le Parc Andr\u00e9 Citro\u00ebn, le Parc des Princes&#8230; Gr\u00e2ce aux transports en commun \u00e0 quelques pas (m\u00e9tro Charles Michels, ligne 10) rejoignez les autres arrondissements parisiens selon vos envies.<\/p>\n<p style=\"text-align: center\">R\u00e9servez vite votre logement parisien :\u00a0<a href=\"http:\/\/www.myparisagency.com\/fr\/appartements\/339\/citroen\" target=\"_blank\">http:\/\/www.myparisagency.com\/fr\/appartements\/339\/citroen<\/a><\/p>\n","protected":false},"excerpt":{"rendered":"<p>A Paris comme chez vous dans ce splendide appartement de 2 pi\u00e8ces r\u00e9cemment refait \u00e0 neuf dans un esprit moderne.\u00a0Au 5\u00e8me \u00e9tage sans ascenseur d&#8217;un immeuble arbor\u00e9 du 15\u00e8me arrondissement, s\u00e9journez aux abords du Champ de Mars et de sa Tour Eiffel, rue Saint Charles. D&#8217;une surface de 40 m2, le Citro\u00ebn d\u00e9voile un int\u00e9rieur&hellip;<\/p>\n","protected":false},"author":2,"featured_media":0,"comment_status":"open","ping_status":"open","sticky":false,"template":"","format":"standard","meta":[],"categories":[5],"tags":[],"_links":{"self":[{"href":"https:\/\/www.myparisagency.com\/blog\/wp-json\/wp\/v2\/posts\/1581"}],"collection":[{"href":"https:\/\/www.myparisagency.com\/blog\/wp-json\/wp\/v2\/posts"}],"about":[{"href":"https:\/\/www.myparisagency.com\/blog\/wp-json\/wp\/v2\/types\/post"}],"author":[{"embeddable":true,"href":"https:\/\/www.myparisagency.com\/blog\/wp-json\/wp\/v2\/users\/2"}],"replies":[{"embeddable":true,"href":"https:\/\/www.myparisagency.com\/blog\/wp-json\/wp\/v2\/comments?post=1581"}],"version-history":[{"count":2,"href":"https:\/\/www.myparisagency.com\/blog\/wp-json\/wp\/v2\/posts\/1581\/revisions"}],"predecessor-version":[{"id":1608,"href":"https:\/\/www.myparisagency.com\/blog\/wp-json\/wp\/v2\/posts\/1581\/revisions\/1608"}],"wp:attachment":[{"href":"https:\/\/www.myparisagency.com\/blog\/wp-json\/wp\/v2\/media?parent=1581"}],"wp:term":[{"taxonomy":"category","embeddable":true,"href":"https:\/\/www.myparisagency.com\/blog\/wp-json\/wp\/v2\/categories?post=1581"},{"taxonomy":"post_tag","embeddable":true,"href":"https:\/\/www.myparisagency.com\/blog\/wp-json\/wp\/v2\/tags?post=1581"}],"curies":[{"name":"wp","href":"https:\/\/api.w.org\/{rel}","templated":true}]}}