{"id":1577,"date":"2014-07-10T16:04:59","date_gmt":"2014-07-10T15:04:59","guid":{"rendered":"http:\/\/www.myparisagency.com\/blog\/?p=1577"},"modified":"2014-07-21T11:57:45","modified_gmt":"2014-07-21T10:57:45","slug":"dulac","status":"publish","type":"post","link":"https:\/\/www.myparisagency.com\/blog\/fr\/2014\/07\/10\/dulac","title":{"rendered":"Dulac"},"content":{"rendered":"<p>Optez pour le privil\u00e8ge de vivre dans un quartier central au pied de la Tour Montparnasse, le 15\u00e8me arrondissement. Au 4\u00e8me \u00e9tage d&#8217;un immeuble moderne rue Falgui\u00e8re, ce bel appartement de 2 pi\u00e8ces sera le lieu de s\u00e9jour id\u00e9al pour 2 ou 4 personnes.<\/p>\n<p><a href=\"http:\/\/www.myparisagency.com\/blog\/wp-content\/uploads\/2014\/07\/1.jpg\"><img loading=\"lazy\" class=\"aligncenter size-medium wp-image-1578\" alt=\"1\" src=\"http:\/\/www.myparisagency.com\/blog\/wp-content\/uploads\/2014\/07\/1-300x200.jpg\" width=\"300\" height=\"200\" \/><\/a><\/p>\n<p>D&#8217;une surface de 40 m<sup>2<\/sup>, le Dulac s&#8217;ouvre sur une pi\u00e8ce \u00e0 vivre claire et lumineuse. Le canap\u00e9 convertible permettra de loger 2 personnes. La cuisine s\u00e9par\u00e9e est enti\u00e8rement \u00e9quip\u00e9e pour vous restaurer sur place autour de la table \u00e0 manger du s\u00e9jour. Ind\u00e9pendante, la chambre dispose d&#8217;un lit double et de rangements pour vos effets personnels. La salle de bains est dot\u00e9e d&#8217;une baignoire et de WC. Tout l&#8217;appartement est bien entendu \u00e9quip\u00e9 d&#8217;Internet en wifi.<\/p>\n<p><a href=\"http:\/\/www.myparisagency.com\/blog\/wp-content\/uploads\/2014\/07\/2.jpg\"><img loading=\"lazy\" class=\"aligncenter size-medium wp-image-1579\" alt=\"2\" src=\"http:\/\/www.myparisagency.com\/blog\/wp-content\/uploads\/2014\/07\/2-300x200.jpg\" width=\"300\" height=\"200\" \/><\/a><\/p>\n<p>Le quartier de Montparnasse est recherch\u00e9 pour son atmosph\u00e8re de village et sa proximit\u00e9 avec de nombreux monuments embl\u00e9matiques :\u00a0La Tour Eiffel, le Champ de Mars, le Mus\u00e9e des Quais Branly, le Trocad\u00e9ro, le Palais de Tokyo, Ecole Militaire, les Invalides, Maison de Radio France ou encore le Parc Andr\u00e9 Citro\u00ebn. Parfaitement desservi par les transports en commun\u00a0(m\u00e9tro 4, 6, 12 et 13) rejoignez les autres quartiers parisiens selon vos envies.<\/p>\n<p style=\"text-align: center\">R\u00e9servez vitre votre s\u00e9jour parisien :\u00a0<a href=\"http:\/\/www.myparisagency.com\/fr\/appartements\/336\/dulac\" target=\"_blank\">http:\/\/www.myparisagency.com\/fr\/appartements\/336\/dulac<\/a><\/p>\n","protected":false},"excerpt":{"rendered":"<p>Optez pour le privil\u00e8ge de vivre dans un quartier central au pied de la Tour Montparnasse, le 15\u00e8me arrondissement. Au 4\u00e8me \u00e9tage d&#8217;un immeuble moderne rue Falgui\u00e8re, ce bel appartement de 2 pi\u00e8ces sera le lieu de s\u00e9jour id\u00e9al pour 2 ou 4 personnes. D&#8217;une surface de 40 m2, le Dulac s&#8217;ouvre sur une pi\u00e8ce&hellip;<\/p>\n","protected":false},"author":2,"featured_media":0,"comment_status":"open","ping_status":"open","sticky":false,"template":"","format":"standard","meta":[],"categories":[5],"tags":[],"_links":{"self":[{"href":"https:\/\/www.myparisagency.com\/blog\/wp-json\/wp\/v2\/posts\/1577"}],"collection":[{"href":"https:\/\/www.myparisagency.com\/blog\/wp-json\/wp\/v2\/posts"}],"about":[{"href":"https:\/\/www.myparisagency.com\/blog\/wp-json\/wp\/v2\/types\/post"}],"author":[{"embeddable":true,"href":"https:\/\/www.myparisagency.com\/blog\/wp-json\/wp\/v2\/users\/2"}],"replies":[{"embeddable":true,"href":"https:\/\/www.myparisagency.com\/blog\/wp-json\/wp\/v2\/comments?post=1577"}],"version-history":[{"count":2,"href":"https:\/\/www.myparisagency.com\/blog\/wp-json\/wp\/v2\/posts\/1577\/revisions"}],"predecessor-version":[{"id":1609,"href":"https:\/\/www.myparisagency.com\/blog\/wp-json\/wp\/v2\/posts\/1577\/revisions\/1609"}],"wp:attachment":[{"href":"https:\/\/www.myparisagency.com\/blog\/wp-json\/wp\/v2\/media?parent=1577"}],"wp:term":[{"taxonomy":"category","embeddable":true,"href":"https:\/\/www.myparisagency.com\/blog\/wp-json\/wp\/v2\/categories?post=1577"},{"taxonomy":"post_tag","embeddable":true,"href":"https:\/\/www.myparisagency.com\/blog\/wp-json\/wp\/v2\/tags?post=1577"}],"curies":[{"name":"wp","href":"https:\/\/api.w.org\/{rel}","templated":true}]}}