{"id":1554,"date":"2014-06-30T11:34:31","date_gmt":"2014-06-30T10:34:31","guid":{"rendered":"http:\/\/www.myparisagency.com\/blog\/?p=1554"},"modified":"2019-07-23T11:37:01","modified_gmt":"2019-07-23T10:37:01","slug":"japan-expo","status":"publish","type":"post","link":"https:\/\/www.myparisagency.com\/blog\/fr\/2014\/06\/30\/japan-expo","title":{"rendered":"Japan Expo"},"content":{"rendered":"<p>La Japan Expo,\u00a0le plus grand festival de la culture et des loisirs japonais\u00a0revient en grande forme pour son \u00e9dition 2014. Venez d\u00e9couvrir la richesse de cet \u00e9v\u00e9nement d\u00e9sormais incontournable au Parc des Expos de Paris-Nord Villepinte pour son 15\u00e8me anniversaire.<\/p>\n<p>La th\u00e9matique reste la m\u00eame :\u00a0c\u00e9l\u00e9brer la culture et les loisirs japonais avec tous les fans de\u00a0<em>manga<\/em>, d\u2019animation, tous les amoureux du Japon, des invit\u00e9s prestigieux et des intervenants passionn\u00e9s, autour de deux ma\u00eetres mots : connaissance et divertissement. Plus qu&#8217;un festival, c&#8217;est une v\u00e9ritable f\u00eate qui cette ann\u00e9e durera 5 jours au lieu de 4.<\/p>\n<p>Par ailleurs, des\u00a0invit\u00e9s de renom\u00a0(artistes japonais issus du manga, de l\u2019anim\u00e9, du cin\u00e9ma et de la musique&#8230;) viennent avec plaisir participer \u00e0 des conf\u00e9rences ou \u00e0 des d\u00e9dicaces. Nous vous d\u00e9voilerons les noms de ces invit\u00e9s de prestige au fur et \u00e0 mesure des annonces.<\/p>\n<p>D\u00e9couvrez tout le programme du festival :\u00a0<a title=\"\" href=\"http:\/\/www.japan-expo.com\/fr\/actu\/le-programme-complet-est-en-ligne_2271.htm\" target=\"_blank\">ICI<\/a><a href=\"http:\/\/www.japan-expo-paris.com\/fr\/\" target=\"_blank\">\u00a0<\/a><\/p>\n<p>Du 2 au 6 juillet 2014\u00a0&#8211;\u00a0De 9h00 \u00e0 19h00 tous les jours sauf mercredi 2 de 13h \u00e0 21h \u00a0\/\/ \u00a0Tarifs\u00a0: mercredi : 8\u20ac jeudi : 10\u20ac, vendredi : 15\u20ac, Samedi : 20\u20ac, Dimanche : 15\u20ac &#8211;\u00a0Forfait 4 jours : 49\u20ac, 5 jours : 53\u20ac<\/p>\n","protected":false},"excerpt":{"rendered":"<p>La Japan Expo,\u00a0le plus grand festival de la culture et des loisirs japonais\u00a0revient en grande forme pour son \u00e9dition 2014. Venez d\u00e9couvrir la richesse de cet \u00e9v\u00e9nement d\u00e9sormais incontournable au Parc des Expos de Paris-Nord Villepinte pour son 15\u00e8me anniversaire. La th\u00e9matique reste la m\u00eame :\u00a0c\u00e9l\u00e9brer la culture et les loisirs japonais avec tous les&hellip;<\/p>\n","protected":false},"author":2,"featured_media":0,"comment_status":"open","ping_status":"open","sticky":false,"template":"","format":"standard","meta":[],"categories":[6],"tags":[],"_links":{"self":[{"href":"https:\/\/www.myparisagency.com\/blog\/wp-json\/wp\/v2\/posts\/1554"}],"collection":[{"href":"https:\/\/www.myparisagency.com\/blog\/wp-json\/wp\/v2\/posts"}],"about":[{"href":"https:\/\/www.myparisagency.com\/blog\/wp-json\/wp\/v2\/types\/post"}],"author":[{"embeddable":true,"href":"https:\/\/www.myparisagency.com\/blog\/wp-json\/wp\/v2\/users\/2"}],"replies":[{"embeddable":true,"href":"https:\/\/www.myparisagency.com\/blog\/wp-json\/wp\/v2\/comments?post=1554"}],"version-history":[{"count":4,"href":"https:\/\/www.myparisagency.com\/blog\/wp-json\/wp\/v2\/posts\/1554\/revisions"}],"predecessor-version":[{"id":3027,"href":"https:\/\/www.myparisagency.com\/blog\/wp-json\/wp\/v2\/posts\/1554\/revisions\/3027"}],"wp:attachment":[{"href":"https:\/\/www.myparisagency.com\/blog\/wp-json\/wp\/v2\/media?parent=1554"}],"wp:term":[{"taxonomy":"category","embeddable":true,"href":"https:\/\/www.myparisagency.com\/blog\/wp-json\/wp\/v2\/categories?post=1554"},{"taxonomy":"post_tag","embeddable":true,"href":"https:\/\/www.myparisagency.com\/blog\/wp-json\/wp\/v2\/tags?post=1554"}],"curies":[{"name":"wp","href":"https:\/\/api.w.org\/{rel}","templated":true}]}}