{"id":1549,"date":"2014-06-21T11:15:09","date_gmt":"2014-06-21T10:15:09","guid":{"rendered":"http:\/\/www.myparisagency.com\/blog\/?p=1549"},"modified":"2019-07-23T11:37:21","modified_gmt":"2019-07-23T10:37:21","slug":"fete-de-la-musique-2","status":"publish","type":"post","link":"https:\/\/www.myparisagency.com\/blog\/fr\/2014\/06\/21\/fete-de-la-musique-2","title":{"rendered":"F\u00eate de la Musique"},"content":{"rendered":"<p>Cr\u00e9\u00e9e en 1982 par le minist\u00e8re de la Culture, la F\u00eate de la Musique ouvre cette ann\u00e9e sa 33\u00e8me Edition le samedi 21 juin 2014.\u00a0\u00ab\u00a0<strong>Faites de la musique, F\u00eate de la Musique<\/strong>\u00a0\u00bb, la formule est devenue un v\u00e9ritable mot d\u2019ordre.<\/p>\n<p>Apr\u00e8s donc une \u00e9dition 2013 plac\u00e9e sous le signe de la voix, la\u00a0F\u00eate de la Musique 2014, qui se tiendra le\u00a0samedi 21 juin prochain, a d\u00e9cid\u00e9 de mettre\u00a0les musiques urbaines \u00e0 l&#8217;honneur.<\/p>\n<p>Aujourd\u2019hui, rejoignant les grandes formations traditionnelles des fanfares, des bandas ou des batucadas, parfois teint\u00e9es des sonorit\u00e9s dues \u00e0 l\u2019explosion des musiques \u00e9lectroniques, les\u00a0musiques urbaines\u00a0sont ind\u00e9niablement un ph\u00e9nom\u00e8ne culturel et artistique majeur accessible \u00e0 chacun.<\/p>\n<p>Retrouvez le planning de cet \u00e9v\u00e8nement en suivant ce lien :\u00a0http:\/\/www.fetedelamusique.culture.fr\/<\/p>\n","protected":false},"excerpt":{"rendered":"<p>Cr\u00e9\u00e9e en 1982 par le minist\u00e8re de la Culture, la F\u00eate de la Musique ouvre cette ann\u00e9e sa 33\u00e8me Edition le samedi 21 juin 2014.\u00a0\u00ab\u00a0Faites de la musique, F\u00eate de la Musique\u00a0\u00bb, la formule est devenue un v\u00e9ritable mot d\u2019ordre. Apr\u00e8s donc une \u00e9dition 2013 plac\u00e9e sous le signe de la voix, la\u00a0F\u00eate de la&hellip;<\/p>\n","protected":false},"author":2,"featured_media":0,"comment_status":"open","ping_status":"open","sticky":false,"template":"","format":"standard","meta":[],"categories":[7],"tags":[],"_links":{"self":[{"href":"https:\/\/www.myparisagency.com\/blog\/wp-json\/wp\/v2\/posts\/1549"}],"collection":[{"href":"https:\/\/www.myparisagency.com\/blog\/wp-json\/wp\/v2\/posts"}],"about":[{"href":"https:\/\/www.myparisagency.com\/blog\/wp-json\/wp\/v2\/types\/post"}],"author":[{"embeddable":true,"href":"https:\/\/www.myparisagency.com\/blog\/wp-json\/wp\/v2\/users\/2"}],"replies":[{"embeddable":true,"href":"https:\/\/www.myparisagency.com\/blog\/wp-json\/wp\/v2\/comments?post=1549"}],"version-history":[{"count":4,"href":"https:\/\/www.myparisagency.com\/blog\/wp-json\/wp\/v2\/posts\/1549\/revisions"}],"predecessor-version":[{"id":3028,"href":"https:\/\/www.myparisagency.com\/blog\/wp-json\/wp\/v2\/posts\/1549\/revisions\/3028"}],"wp:attachment":[{"href":"https:\/\/www.myparisagency.com\/blog\/wp-json\/wp\/v2\/media?parent=1549"}],"wp:term":[{"taxonomy":"category","embeddable":true,"href":"https:\/\/www.myparisagency.com\/blog\/wp-json\/wp\/v2\/categories?post=1549"},{"taxonomy":"post_tag","embeddable":true,"href":"https:\/\/www.myparisagency.com\/blog\/wp-json\/wp\/v2\/tags?post=1549"}],"curies":[{"name":"wp","href":"https:\/\/api.w.org\/{rel}","templated":true}]}}