{"id":1507,"date":"2014-06-03T13:56:22","date_gmt":"2014-06-03T12:56:22","guid":{"rendered":"http:\/\/www.myparisagency.com\/blog\/?p=1507"},"modified":"2014-06-12T14:07:36","modified_gmt":"2014-06-12T13:07:36","slug":"pasteur","status":"publish","type":"post","link":"https:\/\/www.myparisagency.com\/blog\/fr\/2014\/06\/03\/pasteur","title":{"rendered":"Pasteur"},"content":{"rendered":"<p>Paris vous tend les bras pour un s\u00e9jour dans ce splendide appartement de 2 pi\u00e8ces r\u00e9cemment refait \u00e0 neuf dans un esprit moderne. Au\u00a01er \u00e9tage sans ascenseur d&#8217;un immeuble cossu du boulevard Patseur, poussez la porte de ce bien confortable id\u00e9alement situ\u00e9 dans le quartier recherch\u00e9 de Montparnasse dans le 15\u00e8me arrondissement, aux portes des mythiques rues de Saint-Germain-des-Pr\u00e9s.<\/p>\n<p><a href=\"http:\/\/www.myparisagency.com\/blog\/wp-content\/uploads\/2014\/06\/1.jpg\"><img loading=\"lazy\" class=\"aligncenter size-medium wp-image-1508\" alt=\"1\" src=\"http:\/\/www.myparisagency.com\/blog\/wp-content\/uploads\/2014\/06\/1-300x200.jpg\" width=\"300\" height=\"200\" \/><\/a><\/p>\n<p>D&#8217;une surface de 36 m<sup>2<\/sup>, le Pasteur s&#8217;ouvre sur une pi\u00e8ce \u00e0 vivre claire et lumineuse avec un canap\u00e9 convertible et une TV \u00e0 \u00e9cran plat dot\u00e9e d&#8217;Internet en illimit\u00e9. La cuisine ouverte est enti\u00e8rement \u00e9quip\u00e9e pour vous restaurer sur place autour du coin dinatoire compos\u00e9 d&#8217;une table \u00e0 manger en bois.\u00a0Adapt\u00e9 au s\u00e9jour agr\u00e9able de 2 ou 4 personnes, la chambre dispose d&#8217;un lit double et d&#8217;un grand placard de rangements pour vos effets personnels. R\u00e9cemment refait \u00e0 neuf, ce bien d\u00e9voile enfin une salle de douche avec WC et vasques.<\/p>\n<p><a href=\"http:\/\/www.myparisagency.com\/blog\/wp-content\/uploads\/2014\/06\/2.jpg\"><img loading=\"lazy\" class=\"aligncenter size-medium wp-image-1509\" alt=\"2\" src=\"http:\/\/www.myparisagency.com\/blog\/wp-content\/uploads\/2014\/06\/2-300x200.jpg\" width=\"300\" height=\"200\" \/><\/a><\/p>\n<p>Profitez d&#8217;un emplacement appr\u00e9ciable pour vos visites touristiques et vos rendez-vous professionnels au pied de la Tour Montparnasse. Promenez-vous vers de nombreux monuments embl\u00e9matiques de la capitale : la rue de Rennes, Saint-Germain-des-Pr\u00e9s,\u00a0La Tour Eiffel, le Champ de Mars, le Mus\u00e9e des Quais Branly, le Trocad\u00e9ro, le Palais de Tokyo, Ecole Militaire, les Invalides, Maison de Radio France, Parc Andr\u00e9 Citro\u00ebn. Parfaitement desservi par les transports en commun (ligne 4, 6, 12 et 13) rejoignez les autres quartiers parisiens en toute facilit\u00e9.<\/p>\n<p style=\"text-align: center\"><strong>R\u00e9servez vite votre logement parisien en suivant ce lien :\u00a0http:\/\/www.myparisagency.com\/fr\/appartements\/329\/pasteur<\/strong><\/p>\n","protected":false},"excerpt":{"rendered":"<p>Paris vous tend les bras pour un s\u00e9jour dans ce splendide appartement de 2 pi\u00e8ces r\u00e9cemment refait \u00e0 neuf dans un esprit moderne. Au\u00a01er \u00e9tage sans ascenseur d&#8217;un immeuble cossu du boulevard Patseur, poussez la porte de ce bien confortable id\u00e9alement situ\u00e9 dans le quartier recherch\u00e9 de Montparnasse dans le 15\u00e8me arrondissement, aux portes des&hellip;<\/p>\n","protected":false},"author":2,"featured_media":0,"comment_status":"open","ping_status":"open","sticky":false,"template":"","format":"standard","meta":[],"categories":[5],"tags":[],"_links":{"self":[{"href":"https:\/\/www.myparisagency.com\/blog\/wp-json\/wp\/v2\/posts\/1507"}],"collection":[{"href":"https:\/\/www.myparisagency.com\/blog\/wp-json\/wp\/v2\/posts"}],"about":[{"href":"https:\/\/www.myparisagency.com\/blog\/wp-json\/wp\/v2\/types\/post"}],"author":[{"embeddable":true,"href":"https:\/\/www.myparisagency.com\/blog\/wp-json\/wp\/v2\/users\/2"}],"replies":[{"embeddable":true,"href":"https:\/\/www.myparisagency.com\/blog\/wp-json\/wp\/v2\/comments?post=1507"}],"version-history":[{"count":3,"href":"https:\/\/www.myparisagency.com\/blog\/wp-json\/wp\/v2\/posts\/1507\/revisions"}],"predecessor-version":[{"id":1563,"href":"https:\/\/www.myparisagency.com\/blog\/wp-json\/wp\/v2\/posts\/1507\/revisions\/1563"}],"wp:attachment":[{"href":"https:\/\/www.myparisagency.com\/blog\/wp-json\/wp\/v2\/media?parent=1507"}],"wp:term":[{"taxonomy":"category","embeddable":true,"href":"https:\/\/www.myparisagency.com\/blog\/wp-json\/wp\/v2\/categories?post=1507"},{"taxonomy":"post_tag","embeddable":true,"href":"https:\/\/www.myparisagency.com\/blog\/wp-json\/wp\/v2\/tags?post=1507"}],"curies":[{"name":"wp","href":"https:\/\/api.w.org\/{rel}","templated":true}]}}