{"id":1486,"date":"2014-05-27T10:21:54","date_gmt":"2014-05-27T09:21:54","guid":{"rendered":"http:\/\/www.myparisagency.com\/blog\/?p=1486"},"modified":"2014-06-10T18:07:02","modified_gmt":"2014-06-10T17:07:02","slug":"solferino","status":"publish","type":"post","link":"https:\/\/www.myparisagency.com\/blog\/fr\/2014\/05\/27\/solferino","title":{"rendered":"Solf\u00e9rino"},"content":{"rendered":"<p>Surprenez votre dulcin\u00e9e avec ce splendide studio r\u00e9cemment refait \u00e0 neuf dans un esprit design et raffin\u00e9e. Au rez-de-chauss\u00e9e d&#8217;un immeuble arbor\u00e9e et \u00e9l\u00e9gant du 7\u00e8me arrondissement, profitez d&#8217;un emplacement recherch\u00e9 \u00e0 deux pas de Solf\u00e9rino et des Invalides, rue de Grenelle.<\/p>\n<p><a href=\"http:\/\/www.myparisagency.com\/blog\/wp-content\/uploads\/2014\/05\/12.jpg\"><img loading=\"lazy\" class=\"aligncenter size-medium wp-image-1487\" alt=\"1\" src=\"http:\/\/www.myparisagency.com\/blog\/wp-content\/uploads\/2014\/05\/12-300x200.jpg\" width=\"300\" height=\"200\" \/><\/a><\/p>\n<p>D&#8217;une surface 21 m<sup>2<\/sup>, le Solf\u00e9rino d\u00e9voile une pi\u00e8ce \u00e0 vivre confortable, un v\u00e9ritable nuit douillet pour un s\u00e9jour romantique. Le canap\u00e9 rouge confortable sera un lieu de repos id\u00e9al apr\u00e8s une journ\u00e9e de visite ou de rendez-vous professionnels. La mezzanine dispose d&#8217;un lit double confortable pour 2 personnes. Ouverte, la cuisine est \u00e9quip\u00e9e pour vous restaurer sur place. Une belle salle de douche moderne compl\u00e8te ce bien de standing.<\/p>\n<p><a href=\"http:\/\/www.myparisagency.com\/blog\/wp-content\/uploads\/2014\/05\/21.jpg\"><img loading=\"lazy\" class=\"aligncenter size-medium wp-image-1488\" alt=\"2\" src=\"http:\/\/www.myparisagency.com\/blog\/wp-content\/uploads\/2014\/05\/21-300x200.jpg\" width=\"300\" height=\"200\" \/><\/a><\/p>\n<p>Rendez-vous \u00e0 pied vers les monuments les plus embl\u00e9matiques de la capitale :\u00a0la Tour Eiffel, le Champ de Mars, l&#8217;Esplanade et l&#8217;H\u00f4tel des Invalides, le Mus\u00e9e d&#8217;Orsay, le Mus\u00e9e Rodin, l&#8217;Assembl\u00e9e Nationale, le Mus\u00e9e du Quai Branly, le Palais Bourbon ou encore le Minist\u00e8re de la D\u00e9fense. Empruntez les transports en commun accessibles au pied de l&#8217;appartement (ligne 12, m\u00e9tro Rue du Bac ou Solf\u00e9rino) pour rejoindre les autres arrondissements parisiens de vos envies.<\/p>\n<p style=\"text-align: center\"><strong>Pour r\u00e9server le Solf\u00e9rino :\u00a0http:\/\/www.myparisagency.com\/fr\/appartements\/156\/le-solferino<\/strong><\/p>\n","protected":false},"excerpt":{"rendered":"<p>Surprenez votre dulcin\u00e9e avec ce splendide studio r\u00e9cemment refait \u00e0 neuf dans un esprit design et raffin\u00e9e. Au rez-de-chauss\u00e9e d&#8217;un immeuble arbor\u00e9e et \u00e9l\u00e9gant du 7\u00e8me arrondissement, profitez d&#8217;un emplacement recherch\u00e9 \u00e0 deux pas de Solf\u00e9rino et des Invalides, rue de Grenelle. D&#8217;une surface 21 m2, le Solf\u00e9rino d\u00e9voile une pi\u00e8ce \u00e0 vivre confortable, un&hellip;<\/p>\n","protected":false},"author":2,"featured_media":0,"comment_status":"open","ping_status":"open","sticky":false,"template":"","format":"standard","meta":[],"categories":[5],"tags":[],"_links":{"self":[{"href":"https:\/\/www.myparisagency.com\/blog\/wp-json\/wp\/v2\/posts\/1486"}],"collection":[{"href":"https:\/\/www.myparisagency.com\/blog\/wp-json\/wp\/v2\/posts"}],"about":[{"href":"https:\/\/www.myparisagency.com\/blog\/wp-json\/wp\/v2\/types\/post"}],"author":[{"embeddable":true,"href":"https:\/\/www.myparisagency.com\/blog\/wp-json\/wp\/v2\/users\/2"}],"replies":[{"embeddable":true,"href":"https:\/\/www.myparisagency.com\/blog\/wp-json\/wp\/v2\/comments?post=1486"}],"version-history":[{"count":4,"href":"https:\/\/www.myparisagency.com\/blog\/wp-json\/wp\/v2\/posts\/1486\/revisions"}],"predecessor-version":[{"id":1537,"href":"https:\/\/www.myparisagency.com\/blog\/wp-json\/wp\/v2\/posts\/1486\/revisions\/1537"}],"wp:attachment":[{"href":"https:\/\/www.myparisagency.com\/blog\/wp-json\/wp\/v2\/media?parent=1486"}],"wp:term":[{"taxonomy":"category","embeddable":true,"href":"https:\/\/www.myparisagency.com\/blog\/wp-json\/wp\/v2\/categories?post=1486"},{"taxonomy":"post_tag","embeddable":true,"href":"https:\/\/www.myparisagency.com\/blog\/wp-json\/wp\/v2\/tags?post=1486"}],"curies":[{"name":"wp","href":"https:\/\/api.w.org\/{rel}","templated":true}]}}