{"id":1444,"date":"2014-05-03T14:52:58","date_gmt":"2014-05-03T13:52:58","guid":{"rendered":"http:\/\/www.myparisagency.com\/blog\/?p=1444"},"modified":"2014-05-20T16:00:54","modified_gmt":"2014-05-20T15:00:54","slug":"olympiades","status":"publish","type":"post","link":"https:\/\/www.myparisagency.com\/blog\/fr\/2014\/05\/03\/olympiades","title":{"rendered":"Tolbiac"},"content":{"rendered":"<p>Id\u00e9al pour une location annuelle, ce bel appartement de 2 pi\u00e8ces r\u00e9cemment refait \u00e0 neuf se trouve au 6\u00e8me\u00a0\u00e9tage sans ascenseur d&#8217;un immeuble agr\u00e9able de la rue Cantagrel. A mi-chemin entre Bercy et Olympiades, d\u00e9couvrez le quartier anim\u00e9 du 13\u00e8me arrondissement.<\/p>\n<p><a href=\"http:\/\/www.myparisagency.com\/blog\/wp-content\/uploads\/2014\/04\/15.jpg\"><img loading=\"lazy\" class=\"aligncenter size-medium wp-image-1445\" alt=\"1\" src=\"http:\/\/www.myparisagency.com\/blog\/wp-content\/uploads\/2014\/04\/15-300x200.jpg\" width=\"300\" height=\"200\" \/><\/a><\/p>\n<p>D&#8217;une surface de 28 m<sup>2<\/sup>, l&#8217;appartement Olympiades d\u00e9voile une pi\u00e8ce \u00e0 vivre claire et lumineuse avec un canap\u00e9 en cuir convertible en lit\u00a0de\u00a0140&#215;190 cm. Ind\u00e9pendante, la cuisine dispose d&#8217;un espace d\u00eenatoire agr\u00e9able. Le locataire pourra rajouter l&#8217;\u00e9lectrom\u00e9nager qu&#8217;il souhaite, d\u00e9ductible de son loyer. La seconde pi\u00e8ce est meubl\u00e9e est peut \u00eatre am\u00e9nag\u00e9e selon vos envies en chambre ou en s\u00e9jour.\u00a0Une salle de douche moderne avec WC et lavabo compl\u00e8te ce bien.<\/p>\n<p><a href=\"http:\/\/www.myparisagency.com\/blog\/wp-content\/uploads\/2014\/04\/25.jpg\"><img loading=\"lazy\" class=\"aligncenter size-medium wp-image-1446\" alt=\"2\" src=\"http:\/\/www.myparisagency.com\/blog\/wp-content\/uploads\/2014\/04\/25-300x200.jpg\" width=\"300\" height=\"200\" \/><\/a><\/p>\n<p>Quartier r\u00e9cent et moderne, le 13\u00e8me arrondissement d\u00e9voile des curiosit\u00e9s architecturales de renom comme\u00a0la Biblioth\u00e8que nationale de France et la Cit\u00e9 de la Mode et du Design au design futuriste.\u00a0Pour vos soir\u00e9es, acc\u00e9dez \u00e0 pied \u00e0 la magnifique terrasse du Wanderlust et du Nuba pour y prendre un verre ou danser toute la nuit. N&#8217;h\u00e9sitez pas \u00e0 emprunter les transports en commun \u00e0 quelques pas de l&#8217;appartement (m\u00e9tro Olympiades, ligne 14 ou Biblioth\u00e8que Fran\u00e7ois Mitterrand, ligne 14 et RER C) pour rejoindre les autres quartiers parisiens de vos envies.<\/p>\n<p>Rendez-vous vite pour r\u00e9server le Tolbiac : http:\/\/www.myparisagency.com\/fr\/appartements\/315\/tolbiac<\/p>\n","protected":false},"excerpt":{"rendered":"<p>Id\u00e9al pour une location annuelle, ce bel appartement de 2 pi\u00e8ces r\u00e9cemment refait \u00e0 neuf se trouve au 6\u00e8me\u00a0\u00e9tage sans ascenseur d&#8217;un immeuble agr\u00e9able de la rue Cantagrel. A mi-chemin entre Bercy et Olympiades, d\u00e9couvrez le quartier anim\u00e9 du 13\u00e8me arrondissement. D&#8217;une surface de 28 m2, l&#8217;appartement Olympiades d\u00e9voile une pi\u00e8ce \u00e0 vivre claire et&hellip;<\/p>\n","protected":false},"author":2,"featured_media":0,"comment_status":"open","ping_status":"open","sticky":false,"template":"","format":"standard","meta":[],"categories":[5],"tags":[],"_links":{"self":[{"href":"https:\/\/www.myparisagency.com\/blog\/wp-json\/wp\/v2\/posts\/1444"}],"collection":[{"href":"https:\/\/www.myparisagency.com\/blog\/wp-json\/wp\/v2\/posts"}],"about":[{"href":"https:\/\/www.myparisagency.com\/blog\/wp-json\/wp\/v2\/types\/post"}],"author":[{"embeddable":true,"href":"https:\/\/www.myparisagency.com\/blog\/wp-json\/wp\/v2\/users\/2"}],"replies":[{"embeddable":true,"href":"https:\/\/www.myparisagency.com\/blog\/wp-json\/wp\/v2\/comments?post=1444"}],"version-history":[{"count":2,"href":"https:\/\/www.myparisagency.com\/blog\/wp-json\/wp\/v2\/posts\/1444\/revisions"}],"predecessor-version":[{"id":1498,"href":"https:\/\/www.myparisagency.com\/blog\/wp-json\/wp\/v2\/posts\/1444\/revisions\/1498"}],"wp:attachment":[{"href":"https:\/\/www.myparisagency.com\/blog\/wp-json\/wp\/v2\/media?parent=1444"}],"wp:term":[{"taxonomy":"category","embeddable":true,"href":"https:\/\/www.myparisagency.com\/blog\/wp-json\/wp\/v2\/categories?post=1444"},{"taxonomy":"post_tag","embeddable":true,"href":"https:\/\/www.myparisagency.com\/blog\/wp-json\/wp\/v2\/tags?post=1444"}],"curies":[{"name":"wp","href":"https:\/\/api.w.org\/{rel}","templated":true}]}}