{"id":1417,"date":"2014-04-25T13:52:52","date_gmt":"2014-04-25T12:52:52","guid":{"rendered":"http:\/\/www.myparisagency.com\/blog\/?p=1417"},"modified":"2014-05-20T16:02:34","modified_gmt":"2014-05-20T15:02:34","slug":"le-repos","status":"publish","type":"post","link":"https:\/\/www.myparisagency.com\/blog\/fr\/2014\/04\/25\/le-repos","title":{"rendered":"Le Repos"},"content":{"rendered":"<p>V\u00e9ritable havre de paix, ce superbe appartement de 2 pi\u00e8ces vous ouvre ses portes au 9\u00e8me \u00e9tage avec ascenseur d&#8217;un immeuble moderne de la rue du Repos. Profitez d&#8217;un emplacement recherch\u00e9 en face du c\u00e9l\u00e8bre cimeti\u00e8re du P\u00e8re Lachaise dans le quartier tranquille du 20\u00e8me arrondissement de Paris.<\/p>\n<p><a href=\"http:\/\/www.myparisagency.com\/blog\/wp-content\/uploads\/2014\/04\/13.jpg\"><img loading=\"lazy\" class=\"aligncenter size-medium wp-image-1418\" alt=\"1\" src=\"http:\/\/www.myparisagency.com\/blog\/wp-content\/uploads\/2014\/04\/13-300x200.jpg\" width=\"300\" height=\"200\" \/><\/a><\/p>\n<p>D&#8217;une surface de 42 m<sup>2<\/sup>, le Repos s&#8217;ouvre sur une grande pi\u00e8ce \u00e0 vivre, claire et lumineux. Laissez-vous s\u00e9duire par la d\u00e9coration moderne et authentique de ce bien de standing. Id\u00e9al pour 4, le canap\u00e9 est convertible et vous disposerez d&#8217;une spacieuse chambre double avec un coin bureau pour planifier vos rendez-vous professionnels. La cuisine am\u00e9ricaine avec son bar est enti\u00e8rement \u00e9quip\u00e9e pour vous restaurer sur place, en famille ou entre amis. Une belle salle de bains avec WC s\u00e9par\u00e9s compl\u00e8te ce bien confortable.<\/p>\n<p><a href=\"http:\/\/www.myparisagency.com\/blog\/wp-content\/uploads\/2014\/04\/24.jpg\"><img loading=\"lazy\" class=\"aligncenter size-medium wp-image-1419\" alt=\"2\" src=\"http:\/\/www.myparisagency.com\/blog\/wp-content\/uploads\/2014\/04\/24-300x200.jpg\" width=\"300\" height=\"200\" \/><\/a><\/p>\n<p>Le quartier du P\u00e8re Lachaise est recherch\u00e9 pour sa tranquillit\u00e9 et son atmosph\u00e8re de village. Populaire et culturel, le 20\u00e8me arrondissement est devenu un lieu o\u00f9 il fait bon vivre. D\u00e9couvrez les all\u00e9es du P\u00e8re Lachaise o\u00f9 reposent des c\u00e9l\u00e9brit\u00e9s comme Edith Piaf, Oscar Wild, Alfred de Musset, Maria Callas, Fr\u00e9d\u00e9ric Chopin, Eug\u00e8ne Delacroix ou encore Jean de La Fontaine. Acc\u00e9dez \u00e9galement \u00e0 pied \u00e0 de nombreux lieux touristiques : la place de la R\u00e9publique, M\u00e9nilmontant ou encore les Buttes Chaumont. Au pied du m\u00e9tro P\u00e8re Lachaise (ligne 2 et 3) rejoignez directement et selon vos envies le Marais, les Grands Magasins, Op\u00e9ra, Saint-Lazare, Villiers, Montmartre et Charles de Gaulle Etoile.<\/p>\n<p>Venez vite r\u00e9server votre s\u00e9jour parisien :\u00a0http:\/\/www.myparisagency.com\/fr\/appartements\/303\/le-repos<\/p>\n","protected":false},"excerpt":{"rendered":"<p>V\u00e9ritable havre de paix, ce superbe appartement de 2 pi\u00e8ces vous ouvre ses portes au 9\u00e8me \u00e9tage avec ascenseur d&#8217;un immeuble moderne de la rue du Repos. Profitez d&#8217;un emplacement recherch\u00e9 en face du c\u00e9l\u00e8bre cimeti\u00e8re du P\u00e8re Lachaise dans le quartier tranquille du 20\u00e8me arrondissement de Paris. D&#8217;une surface de 42 m2, le Repos&hellip;<\/p>\n","protected":false},"author":2,"featured_media":0,"comment_status":"open","ping_status":"open","sticky":false,"template":"","format":"standard","meta":[],"categories":[5],"tags":[],"_links":{"self":[{"href":"https:\/\/www.myparisagency.com\/blog\/wp-json\/wp\/v2\/posts\/1417"}],"collection":[{"href":"https:\/\/www.myparisagency.com\/blog\/wp-json\/wp\/v2\/posts"}],"about":[{"href":"https:\/\/www.myparisagency.com\/blog\/wp-json\/wp\/v2\/types\/post"}],"author":[{"embeddable":true,"href":"https:\/\/www.myparisagency.com\/blog\/wp-json\/wp\/v2\/users\/2"}],"replies":[{"embeddable":true,"href":"https:\/\/www.myparisagency.com\/blog\/wp-json\/wp\/v2\/comments?post=1417"}],"version-history":[{"count":2,"href":"https:\/\/www.myparisagency.com\/blog\/wp-json\/wp\/v2\/posts\/1417\/revisions"}],"predecessor-version":[{"id":1499,"href":"https:\/\/www.myparisagency.com\/blog\/wp-json\/wp\/v2\/posts\/1417\/revisions\/1499"}],"wp:attachment":[{"href":"https:\/\/www.myparisagency.com\/blog\/wp-json\/wp\/v2\/media?parent=1417"}],"wp:term":[{"taxonomy":"category","embeddable":true,"href":"https:\/\/www.myparisagency.com\/blog\/wp-json\/wp\/v2\/categories?post=1417"},{"taxonomy":"post_tag","embeddable":true,"href":"https:\/\/www.myparisagency.com\/blog\/wp-json\/wp\/v2\/tags?post=1417"}],"curies":[{"name":"wp","href":"https:\/\/api.w.org\/{rel}","templated":true}]}}