{"id":1360,"date":"2014-04-15T12:07:27","date_gmt":"2014-04-15T11:07:27","guid":{"rendered":"http:\/\/www.myparisagency.com\/blog\/?p=1360"},"modified":"2014-04-15T17:40:27","modified_gmt":"2014-04-15T16:40:27","slug":"congres","status":"publish","type":"post","link":"https:\/\/www.myparisagency.com\/blog\/fr\/2014\/04\/15\/congres","title":{"rendered":"Congr\u00e8s"},"content":{"rendered":"<p style=\"text-align: justify\">Un s\u00e9jour professionnel se profile et vous \u00eates toujours \u00e0 la recherche de votre logement parisien ? Ne cherchez plus ! Le Congr\u00e8s est fait pour vous ! Au 3\u00e8me \u00e9tage d&#8217;un immeuble bourgeois du 17\u00e8me arrondissement, ce magnifique appartement de 2 pi\u00e8ces vous accueille dans un style \u00e9pur\u00e9e et design.<\/p>\n<p><a href=\"http:\/\/www.myparisagency.com\/blog\/wp-content\/uploads\/2014\/03\/12.jpg\"><img loading=\"lazy\" class=\"aligncenter size-medium wp-image-1361\" alt=\"1\" src=\"http:\/\/www.myparisagency.com\/blog\/wp-content\/uploads\/2014\/03\/12-300x200.jpg\" width=\"300\" height=\"200\" \/><\/a><\/p>\n<p style=\"text-align: justify\">D&#8217;une surface de 50 m<sup>2<\/sup>, le Congr\u00e8s d\u00e9voile un salon clair et lumineux avec un mobilier de chineur. Id\u00e9al pour 3 personnes, la chambre se compose d&#8217;un lit double et le s\u00e9jour dispose d&#8217;un couchage suppl\u00e9mentaire avec un lit simple. Ind\u00e9pendante, la cuisine enti\u00e8rement \u00e9quip\u00e9e vous offre une salle \u00e0 manger confortable pour vous restaurer en famille ou entre amis. Une belle salle de douche compl\u00e8te ce bien agr\u00e9able.<\/p>\n<p><a href=\"http:\/\/www.myparisagency.com\/blog\/wp-content\/uploads\/2014\/03\/23.jpg\"><img loading=\"lazy\" class=\"aligncenter size-medium wp-image-1362\" alt=\"2\" src=\"http:\/\/www.myparisagency.com\/blog\/wp-content\/uploads\/2014\/03\/23-300x200.jpg\" width=\"300\" height=\"200\" \/><\/a><\/p>\n<p style=\"text-align: justify\">A deux pas du Palais des Congr\u00e8s de la Porte Maillot, profitez d&#8217;un emplacement central pour vous rendre vers des lieux embl\u00e9matiques de la capitale : Ternes, Pereire, Etoile, les Champs Elys\u00e9es. Rendez-vous \u00e9galement vers vos rendez-vous professionnels en quelques minutes avec la ligne 1 qui dessert Etoile, Ch\u00e2telet, Saint-Paul, Bastille, Nation mais aussi Neuilly en deux stations et La D\u00e9fense en 4 arr\u00eats.<\/p>\n","protected":false},"excerpt":{"rendered":"<p>Un s\u00e9jour professionnel se profile et vous \u00eates toujours \u00e0 la recherche de votre logement parisien ? Ne cherchez plus ! Le Congr\u00e8s est fait pour vous ! Au 3\u00e8me \u00e9tage d&#8217;un immeuble bourgeois du 17\u00e8me arrondissement, ce magnifique appartement de 2 pi\u00e8ces vous accueille dans un style \u00e9pur\u00e9e et design. D&#8217;une surface de 50&hellip;<\/p>\n","protected":false},"author":2,"featured_media":0,"comment_status":"open","ping_status":"open","sticky":false,"template":"","format":"standard","meta":[],"categories":[5],"tags":[],"_links":{"self":[{"href":"https:\/\/www.myparisagency.com\/blog\/wp-json\/wp\/v2\/posts\/1360"}],"collection":[{"href":"https:\/\/www.myparisagency.com\/blog\/wp-json\/wp\/v2\/posts"}],"about":[{"href":"https:\/\/www.myparisagency.com\/blog\/wp-json\/wp\/v2\/types\/post"}],"author":[{"embeddable":true,"href":"https:\/\/www.myparisagency.com\/blog\/wp-json\/wp\/v2\/users\/2"}],"replies":[{"embeddable":true,"href":"https:\/\/www.myparisagency.com\/blog\/wp-json\/wp\/v2\/comments?post=1360"}],"version-history":[{"count":3,"href":"https:\/\/www.myparisagency.com\/blog\/wp-json\/wp\/v2\/posts\/1360\/revisions"}],"predecessor-version":[{"id":1397,"href":"https:\/\/www.myparisagency.com\/blog\/wp-json\/wp\/v2\/posts\/1360\/revisions\/1397"}],"wp:attachment":[{"href":"https:\/\/www.myparisagency.com\/blog\/wp-json\/wp\/v2\/media?parent=1360"}],"wp:term":[{"taxonomy":"category","embeddable":true,"href":"https:\/\/www.myparisagency.com\/blog\/wp-json\/wp\/v2\/categories?post=1360"},{"taxonomy":"post_tag","embeddable":true,"href":"https:\/\/www.myparisagency.com\/blog\/wp-json\/wp\/v2\/tags?post=1360"}],"curies":[{"name":"wp","href":"https:\/\/api.w.org\/{rel}","templated":true}]}}