{"id":1354,"date":"2014-04-12T14:57:50","date_gmt":"2014-04-12T13:57:50","guid":{"rendered":"http:\/\/www.myparisagency.com\/blog\/?p=1354"},"modified":"2019-07-23T11:39:08","modified_gmt":"2019-07-23T10:39:08","slug":"la-nuit-aux-invalides","status":"publish","type":"post","link":"https:\/\/www.myparisagency.com\/blog\/fr\/2014\/04\/12\/la-nuit-aux-invalides","title":{"rendered":"La Nuit aux Invalides"},"content":{"rendered":"<p style=\"text-align: justify\">Venez d\u00e9couvrir l&#8217;un des plus fabuleux \u00e9difices comme vous ne l&#8217;avez jamais vu ! A partir du 24 avril 2014, les Invalides vous offrent un spectacle in\u00e9dit en 3D. Vivez une\u00a0exp\u00e9rience sensorielle \u00e0 couper le souffle, \u00e0 180 degr\u00e9s et sur plus de 250 m\u00e8tres de fa\u00e7ades !<\/p>\n<p style=\"text-align: justify\">Le spectacle d\u2019ouverture de cette ann\u00e9e 2014 sera riche en \u00e9v\u00e9nements en mettant en avant la c\u00e9l\u00e9bration des anniversaires de la\u00a0Grande Guerre et de la Lib\u00e9ration de Paris.<br \/>\nBruno Seillier, le cr\u00e9ateur du spectacle, pr\u00e9sentera une \u00e9dition\u00a0renouvel\u00e9e qui fait la part belle \u00e0 ce double\u00a0anniversaire. Les touristes \u00e9trangers ne seront pas oubli\u00e9s avec une bande-son en anglais qui leur sera propos\u00e9e.<\/p>\n<p style=\"text-align: justify\">Pendant 40 minutes, les adultes comme les enfants seront plong\u00e9s dans ce\u00a0tourbillon\u00a0de l\u2019Histoire de France. Au del\u00e0 du spectacle inoubliable, savourez le bonheur d&#8217;\u00eatre dans un lieu unique :\u00a0l\u2019H\u00f4tel national des Invalides. L&#8217;histoire\u00a0est retrac\u00e9e, selon le principe\u00a0de la moeniam\u00e9nie, gr\u00e2ce aux effets \u00e9poustouflants des nouvelles\u00a0technologies de l\u2019image, accompagn\u00e9es par les voix captivantes\u00a0d\u2019Andr\u00e9 Dussollier, Jean Piat et C\u00e9line Duhamel.<\/p>\n<p><a href=\"http:\/\/quefaire.paris.fr\/quefaire\/map\/53170\"><br \/>\n<img title=\"\" alt=\"\" src=\"http:\/\/quefaire.paris.fr\/images\/quefaire\/result\/plan.gif\" \/><img title=\"\" alt=\"\" src=\"http:\/\/quefaire.paris.fr\/images\/quefaire\/result\/plan2.gif\" \/><\/a><a href=\"http:\/\/quefaire.paris.fr\/search\/%22esplanade%20des%20invalides%22\">ESPLANADE DES INVALIDES\u00a0<\/a>&#8211; 1 rue Fabert &#8211; 75007 Paris<\/p>\n<p>Du 24 avril au 24 mai 2014 avec 2 s\u00e9ances par soir \u00e0 21h15 et 22h15. Sauf dimanche et 1er mai.<\/p>\n<p style=\"text-align: center\">PLEIN TARIF en pr\u00e9-vente :<\/p>\n<p style=\"text-align: center\">&gt; Spectacle seul : 12,50 \u20ac<br \/>\n&gt; Spectacle suivi de la\u00a0visite nocturne du D\u00f4me : 20,50 \u20ac<\/p>\n<p style=\"text-align: center\">TARIFS REDUITS en pr\u00e9-vente<br \/>\n(-18 ans, \u00e9tudiants, ch\u00f4meurs, familles) :<br \/>\n&gt; Spectacle seul : 9,50 \u20ac<br \/>\n&gt; Spectacle suivi de la<br \/>\nvisite nocturne du D\u00f4me : 17,50 \u20ac<\/p>\n","protected":false},"excerpt":{"rendered":"<p>Venez d\u00e9couvrir l&#8217;un des plus fabuleux \u00e9difices comme vous ne l&#8217;avez jamais vu ! A partir du 24 avril 2014, les Invalides vous offrent un spectacle in\u00e9dit en 3D. Vivez une\u00a0exp\u00e9rience sensorielle \u00e0 couper le souffle, \u00e0 180 degr\u00e9s et sur plus de 250 m\u00e8tres de fa\u00e7ades ! Le spectacle d\u2019ouverture de cette ann\u00e9e 2014&hellip;<\/p>\n","protected":false},"author":2,"featured_media":0,"comment_status":"open","ping_status":"open","sticky":false,"template":"","format":"standard","meta":[],"categories":[6],"tags":[],"_links":{"self":[{"href":"https:\/\/www.myparisagency.com\/blog\/wp-json\/wp\/v2\/posts\/1354"}],"collection":[{"href":"https:\/\/www.myparisagency.com\/blog\/wp-json\/wp\/v2\/posts"}],"about":[{"href":"https:\/\/www.myparisagency.com\/blog\/wp-json\/wp\/v2\/types\/post"}],"author":[{"embeddable":true,"href":"https:\/\/www.myparisagency.com\/blog\/wp-json\/wp\/v2\/users\/2"}],"replies":[{"embeddable":true,"href":"https:\/\/www.myparisagency.com\/blog\/wp-json\/wp\/v2\/comments?post=1354"}],"version-history":[{"count":9,"href":"https:\/\/www.myparisagency.com\/blog\/wp-json\/wp\/v2\/posts\/1354\/revisions"}],"predecessor-version":[{"id":3037,"href":"https:\/\/www.myparisagency.com\/blog\/wp-json\/wp\/v2\/posts\/1354\/revisions\/3037"}],"wp:attachment":[{"href":"https:\/\/www.myparisagency.com\/blog\/wp-json\/wp\/v2\/media?parent=1354"}],"wp:term":[{"taxonomy":"category","embeddable":true,"href":"https:\/\/www.myparisagency.com\/blog\/wp-json\/wp\/v2\/categories?post=1354"},{"taxonomy":"post_tag","embeddable":true,"href":"https:\/\/www.myparisagency.com\/blog\/wp-json\/wp\/v2\/tags?post=1354"}],"curies":[{"name":"wp","href":"https:\/\/api.w.org\/{rel}","templated":true}]}}