{"id":140,"date":"2014-04-18T16:56:09","date_gmt":"2014-04-18T15:56:09","guid":{"rendered":"http:\/\/www.myparisagency.com\/blog\/en\/?p=140"},"modified":"2014-05-06T09:34:41","modified_gmt":"2014-05-06T08:34:41","slug":"night-at-invalides","status":"publish","type":"post","link":"https:\/\/www.myparisagency.com\/blog\/en\/2014\/04\/18\/night-at-invalides","title":{"rendered":"Night at Invalides"},"content":{"rendered":"<p>Come and discover one of the most fabulous buildings \u00a0you&#8217;ve never seen! From April 24, 2014, les Invalides offer a brand new show in 3D. You will live a unique experience, \u00a0180 degrees and more than 250 meters of facade.<\/p>\n<p><a href=\"http:\/\/www.myparisagency.com\/blog\/wp-content\/uploads\/2014\/04\/x274_5aba-nuit-aux-nvalides.jpg\"><img loading=\"lazy\" class=\"aligncenter\" alt=\"x274_5aba-nuit-aux-nvalides\" src=\"http:\/\/www.myparisagency.com\/blog\/wp-content\/uploads\/2014\/04\/x274_5aba-nuit-aux-nvalides-300x196.jpg\" width=\"300\" height=\"196\" \/><\/a><\/p>\n<p>The opening show of this year will be full of events, highlighting the anniversary of the Great War and the liberation of Paris.<br \/>\nBruno Seillier, the creator of the show, will only introduce a renewed edition, \u00a0moreover there will also be a band.<\/p>\n<p>During 40 minutes both adults and children will be immersed in the French history. Beyond dell&#8217;imperdibile show, enjoy the fact of being in a special place: the famous Invalides museum. The story is told according to the principle of moeniam\u00e9nie, thanks to the incredible effects of the new technologies of images, accompanied by the voice of Andr\u00e9 Dussollier, Jean Piat and C\u00e9line Duhamel.<\/p>\n","protected":false},"excerpt":{"rendered":"<p>Come and discover one of the most fabulous buildings \u00a0you&#8217;ve never seen! From April 24, 2014, les Invalides offer a brand new show in 3D. You will live a unique experience, \u00a0180 degrees and more than 250 meters of facade. &hellip; <a href=\"https:\/\/www.myparisagency.com\/blog\/en\/2014\/04\/18\/night-at-invalides\">Continue reading <span class=\"meta-nav\">&rarr;<\/span><\/a><\/p>\n","protected":false},"author":5,"featured_media":0,"comment_status":"open","ping_status":"open","sticky":false,"template":"","format":"standard","meta":[],"categories":[1],"tags":[],"_links":{"self":[{"href":"https:\/\/www.myparisagency.com\/blog\/en\/wp-json\/wp\/v2\/posts\/140"}],"collection":[{"href":"https:\/\/www.myparisagency.com\/blog\/en\/wp-json\/wp\/v2\/posts"}],"about":[{"href":"https:\/\/www.myparisagency.com\/blog\/en\/wp-json\/wp\/v2\/types\/post"}],"author":[{"embeddable":true,"href":"https:\/\/www.myparisagency.com\/blog\/en\/wp-json\/wp\/v2\/users\/5"}],"replies":[{"embeddable":true,"href":"https:\/\/www.myparisagency.com\/blog\/en\/wp-json\/wp\/v2\/comments?post=140"}],"version-history":[{"count":1,"href":"https:\/\/www.myparisagency.com\/blog\/en\/wp-json\/wp\/v2\/posts\/140\/revisions"}],"predecessor-version":[{"id":141,"href":"https:\/\/www.myparisagency.com\/blog\/en\/wp-json\/wp\/v2\/posts\/140\/revisions\/141"}],"wp:attachment":[{"href":"https:\/\/www.myparisagency.com\/blog\/en\/wp-json\/wp\/v2\/media?parent=140"}],"wp:term":[{"taxonomy":"category","embeddable":true,"href":"https:\/\/www.myparisagency.com\/blog\/en\/wp-json\/wp\/v2\/categories?post=140"},{"taxonomy":"post_tag","embeddable":true,"href":"https:\/\/www.myparisagency.com\/blog\/en\/wp-json\/wp\/v2\/tags?post=140"}],"curies":[{"name":"wp","href":"https:\/\/api.w.org\/{rel}","templated":true}]}}